{"id":16,"date":"2013-05-15T03:16:47","date_gmt":"2013-05-15T03:16:47","guid":{"rendered":"http:\/\/rediles.com\/agroecologia\/?p=16"},"modified":"2013-05-21T21:27:20","modified_gmt":"2013-05-21T21:27:20","slug":"6-de-junio-2013-taller-de-reconocimiento-del-suelo","status":"publish","type":"post","link":"http:\/\/rediles.com\/agroecologia\/2013\/05\/15\/6-de-junio-2013-taller-de-reconocimiento-del-suelo\/","title":{"rendered":"<!--:es-->6 de Junio 2013 &#8211; Taller de reconocimiento del suelo<!--:-->"},"content":{"rendered":"<p><!--:es-->De nuevo pendiente del tiempo (Seguimos confiando en que deje de llover antes de 2014), celebraremos otro \u201cTaller de reconocimiento del suelo\u201d, en Nabarniz el pr\u00f3ximo d\u00eda 6 de Junio, en horario de 16,30 a 19,30. Se mostrar\u00e1n las t\u00e9cnicas necesarias para saber de un modo simple, barato y eficaz, el estado actual de un terreno y su evoluci\u00f3n.<\/p>\n<p>Si te interesa el tema, ponte en contacto con Unai: 946232730, ext 4.<!--:--><\/p>\n","protected":false},"excerpt":{"rendered":"<p>De nuevo pendiente del tiempo (Seguimos confiando en que deje de llover antes de 2014), celebraremos otro \u201cTaller de reconocimiento del suelo\u201d, en Nabarniz el pr\u00f3ximo d\u00eda 6 de Junio, en horario de 16,30 a 19,30. Se mostrar\u00e1n las t\u00e9cnicas &hellip;<\/p>\n<p class=\"read-more\"> <a class=\"more-link\" href=\"http:\/\/rediles.com\/agroecologia\/2013\/05\/15\/6-de-junio-2013-taller-de-reconocimiento-del-suelo\/\"> <span class=\"screen-reader-text\"><!--:es-->6 de Junio 2013 &#8211; Taller de reconocimiento del suelo<!--:--><\/span> Leer m\u00e1s \u00bb<\/a><\/p>\n","protected":false},"author":2,"featured_media":0,"comment_status":"open","ping_status":"open","sticky":false,"template":"","format":"standard","meta":{"_bbp_topic_count":0,"_bbp_reply_count":0,"_bbp_total_topic_count":0,"_bbp_total_reply_count":0,"_bbp_voice_count":0,"_bbp_anonymous_reply_count":0,"_bbp_topic_count_hidden":0,"_bbp_reply_count_hidden":0,"_bbp_forum_subforum_count":0,"footnotes":"","_links_to":"","_links_to_target":""},"categories":[2],"tags":[],"class_list":["post-16","post","type-post","status-publish","format-standard","hentry","category-formacion"],"_links":{"self":[{"href":"http:\/\/rediles.com\/agroecologia\/wp-json\/wp\/v2\/posts\/16","targetHints":{"allow":["GET"]}}],"collection":[{"href":"http:\/\/rediles.com\/agroecologia\/wp-json\/wp\/v2\/posts"}],"about":[{"href":"http:\/\/rediles.com\/agroecologia\/wp-json\/wp\/v2\/types\/post"}],"author":[{"embeddable":true,"href":"http:\/\/rediles.com\/agroecologia\/wp-json\/wp\/v2\/users\/2"}],"replies":[{"embeddable":true,"href":"http:\/\/rediles.com\/agroecologia\/wp-json\/wp\/v2\/comments?post=16"}],"version-history":[{"count":3,"href":"http:\/\/rediles.com\/agroecologia\/wp-json\/wp\/v2\/posts\/16\/revisions"}],"predecessor-version":[{"id":63,"href":"http:\/\/rediles.com\/agroecologia\/wp-json\/wp\/v2\/posts\/16\/revisions\/63"}],"wp:attachment":[{"href":"http:\/\/rediles.com\/agroecologia\/wp-json\/wp\/v2\/media?parent=16"}],"wp:term":[{"taxonomy":"category","embeddable":true,"href":"http:\/\/rediles.com\/agroecologia\/wp-json\/wp\/v2\/categories?post=16"},{"taxonomy":"post_tag","embeddable":true,"href":"http:\/\/rediles.com\/agroecologia\/wp-json\/wp\/v2\/tags?post=16"}],"curies":[{"name":"wp","href":"https:\/\/api.w.org\/{rel}","templated":true}]}}