{"id":574,"date":"2013-08-21T16:59:03","date_gmt":"2013-08-21T16:59:03","guid":{"rendered":"http:\/\/rediles.com\/agroecologia\/?p=574"},"modified":"2013-08-21T16:59:03","modified_gmt":"2013-08-21T16:59:03","slug":"mas-madera","status":"publish","type":"post","link":"http:\/\/rediles.com\/agroecologia\/2013\/08\/21\/mas-madera\/","title":{"rendered":"m\u00e1s madera"},"content":{"rendered":"<p>Hola a tod@s\u00a0 Os adjunto los enlaces de dos documentos que hemos terminado hace poco.<\/p>\n<p>Este primero trata del caldo sulfoc\u00e1lcico, que algunos de vosotros ya conoc\u00e9is, y se ha elaborado gracias a la colaboraci\u00f3n de Rosina, Mikel, Diego, Asier, Jes\u00fas y Jon. Dentro de unos d\u00edas conf\u00edo en mandar el v\u00eddeo que muestra el proceso.<\/p>\n<p>http:\/\/rediles.com\/hodeian\/public.php?service=files&#038;t=00a417258f8351156385fca2666edba8<\/p>\n<p>El segundo es un m\u00e9todo muy simple y barato para evitar los problemas de las primaveras lluviosas o los inviernos fr\u00edos. Un mini-invernadero.<\/p>\n<p>http:\/\/rediles.com\/hodeian\/public.php?service=files&#038;t=8ab2049142ec744e07dc6953c287b6c9<\/p>\n<p>Espero que los enlaces est\u00e9n bien. Si no funcionan, sencillamente ir a la carpeta Documentos y buscar \u00abcaldo sulfocalcico\u00bb y \u00abelaboracion de un peque\u00f1o invernadero sobre los bancales\u00bb<\/p>\n<p>Ya me contar\u00e9is que os parecen. Mi sincero agradecimiento a todos los que han hecho posible su elaboraci\u00f3n<\/p>\n<p>&nbsp;<\/p>\n","protected":false},"excerpt":{"rendered":"<p>Hola a tod@s\u00a0 Os adjunto los enlaces de dos documentos que hemos terminado hace poco. Este primero trata del caldo sulfoc\u00e1lcico, que algunos de vosotros ya conoc\u00e9is, y se ha elaborado gracias a la colaboraci\u00f3n de Rosina, Mikel, Diego, Asier, &hellip;<\/p>\n<p class=\"read-more\"> <a class=\"more-link\" href=\"http:\/\/rediles.com\/agroecologia\/2013\/08\/21\/mas-madera\/\"> <span class=\"screen-reader-text\">m\u00e1s madera<\/span> Leer m\u00e1s \u00bb<\/a><\/p>\n","protected":false},"author":1740,"featured_media":0,"comment_status":"open","ping_status":"open","sticky":false,"template":"","format":"standard","meta":{"_bbp_topic_count":0,"_bbp_reply_count":0,"_bbp_total_topic_count":0,"_bbp_total_reply_count":0,"_bbp_voice_count":0,"_bbp_anonymous_reply_count":0,"_bbp_topic_count_hidden":0,"_bbp_reply_count_hidden":0,"_bbp_forum_subforum_count":0,"footnotes":"","_links_to":"","_links_to_target":""},"categories":[3],"tags":[],"class_list":["post-574","post","type-post","status-publish","format-standard","hentry","category-noticias"],"_links":{"self":[{"href":"http:\/\/rediles.com\/agroecologia\/wp-json\/wp\/v2\/posts\/574","targetHints":{"allow":["GET"]}}],"collection":[{"href":"http:\/\/rediles.com\/agroecologia\/wp-json\/wp\/v2\/posts"}],"about":[{"href":"http:\/\/rediles.com\/agroecologia\/wp-json\/wp\/v2\/types\/post"}],"author":[{"embeddable":true,"href":"http:\/\/rediles.com\/agroecologia\/wp-json\/wp\/v2\/users\/1740"}],"replies":[{"embeddable":true,"href":"http:\/\/rediles.com\/agroecologia\/wp-json\/wp\/v2\/comments?post=574"}],"version-history":[{"count":1,"href":"http:\/\/rediles.com\/agroecologia\/wp-json\/wp\/v2\/posts\/574\/revisions"}],"predecessor-version":[{"id":575,"href":"http:\/\/rediles.com\/agroecologia\/wp-json\/wp\/v2\/posts\/574\/revisions\/575"}],"wp:attachment":[{"href":"http:\/\/rediles.com\/agroecologia\/wp-json\/wp\/v2\/media?parent=574"}],"wp:term":[{"taxonomy":"category","embeddable":true,"href":"http:\/\/rediles.com\/agroecologia\/wp-json\/wp\/v2\/categories?post=574"},{"taxonomy":"post_tag","embeddable":true,"href":"http:\/\/rediles.com\/agroecologia\/wp-json\/wp\/v2\/tags?post=574"}],"curies":[{"name":"wp","href":"https:\/\/api.w.org\/{rel}","templated":true}]}}