{"id":871,"date":"2013-11-27T11:01:56","date_gmt":"2013-11-27T11:01:56","guid":{"rendered":"http:\/\/rediles.com\/agroecologia\/?p=871"},"modified":"2013-11-27T11:01:56","modified_gmt":"2013-11-27T11:01:56","slug":"samiano-sigue-la-buena-racha","status":"publish","type":"post","link":"http:\/\/rediles.com\/agroecologia\/2013\/11\/27\/samiano-sigue-la-buena-racha\/","title":{"rendered":"<!--:es-->Samiano- sigue la buena racha<!--:-->"},"content":{"rendered":"<p><!--:es--><\/p>\n<div>\n<div>\n<div>\n<div>\n<div>\n<div>A lo mejor noticias como estas no deber\u00edan ser motivo de alegr\u00eda, sino el pan nuestro de cada d\u00eda, pero hasta que eso no pase, yo sigo alegr\u00e1ndome.<\/p>\n<\/div>\n<p>Se trata de lo siguiente: Zaira, de los invernaderos Olako, en Laudio (Llodio) nos manda el siguiente mensaje:<\/p>\n<div><span style=\"font-size: large\">Kaixo!!!<\/span><\/div>\n<div><span style=\"font-size: large\">Si hiciese malo en trevi\u00f1o, ofrezco en vez de cancelarlo, organizarlo en el invernadero, dentro, no es q haga calor pero no nos llueve.\u00a0<\/span><\/div>\n<div><span style=\"font-size: large\">Con saberlo dos o tres dias antes&#8230; ( bueno, si traeis vosotros los materiales&#8230;) <\/p>\n","protected":false},"excerpt":{"rendered":"<p>A lo mejor noticias como estas no deber\u00edan ser motivo de alegr\u00eda, sino el pan nuestro de cada d\u00eda, pero hasta que eso no pase, yo sigo alegr\u00e1ndome. Se trata de lo siguiente: Zaira, de los invernaderos Olako, en Laudio &hellip;<\/p>\n<p class=\"read-more\"> <a class=\"more-link\" href=\"http:\/\/rediles.com\/agroecologia\/2013\/11\/27\/samiano-sigue-la-buena-racha\/\"> <span class=\"screen-reader-text\"><!--:es-->Samiano- sigue la buena racha<!--:--><\/span> Leer m\u00e1s \u00bb<\/a><\/p>\n","protected":false},"author":1740,"featured_media":0,"comment_status":"open","ping_status":"open","sticky":false,"template":"","format":"standard","meta":{"_bbp_topic_count":0,"_bbp_reply_count":0,"_bbp_total_topic_count":0,"_bbp_total_reply_count":0,"_bbp_voice_count":0,"_bbp_anonymous_reply_count":0,"_bbp_topic_count_hidden":0,"_bbp_reply_count_hidden":0,"_bbp_forum_subforum_count":0,"footnotes":"","_links_to":"","_links_to_target":""},"categories":[2],"tags":[],"class_list":["post-871","post","type-post","status-publish","format-standard","hentry","category-formacion"],"_links":{"self":[{"href":"http:\/\/rediles.com\/agroecologia\/wp-json\/wp\/v2\/posts\/871","targetHints":{"allow":["GET"]}}],"collection":[{"href":"http:\/\/rediles.com\/agroecologia\/wp-json\/wp\/v2\/posts"}],"about":[{"href":"http:\/\/rediles.com\/agroecologia\/wp-json\/wp\/v2\/types\/post"}],"author":[{"embeddable":true,"href":"http:\/\/rediles.com\/agroecologia\/wp-json\/wp\/v2\/users\/1740"}],"replies":[{"embeddable":true,"href":"http:\/\/rediles.com\/agroecologia\/wp-json\/wp\/v2\/comments?post=871"}],"version-history":[{"count":2,"href":"http:\/\/rediles.com\/agroecologia\/wp-json\/wp\/v2\/posts\/871\/revisions"}],"predecessor-version":[{"id":873,"href":"http:\/\/rediles.com\/agroecologia\/wp-json\/wp\/v2\/posts\/871\/revisions\/873"}],"wp:attachment":[{"href":"http:\/\/rediles.com\/agroecologia\/wp-json\/wp\/v2\/media?parent=871"}],"wp:term":[{"taxonomy":"category","embeddable":true,"href":"http:\/\/rediles.com\/agroecologia\/wp-json\/wp\/v2\/categories?post=871"},{"taxonomy":"post_tag","embeddable":true,"href":"http:\/\/rediles.com\/agroecologia\/wp-json\/wp\/v2\/tags?post=871"}],"curies":[{"name":"wp","href":"https:\/\/api.w.org\/{rel}","templated":true}]}}