{"id":980,"date":"2014-02-03T19:26:49","date_gmt":"2014-02-03T19:26:49","guid":{"rendered":"http:\/\/rediles.com\/agroecologia\/?p=980"},"modified":"2014-02-04T13:32:56","modified_gmt":"2014-02-04T13:32:56","slug":"preparando-la-primavera-2-0","status":"publish","type":"post","link":"http:\/\/rediles.com\/agroecologia\/2014\/02\/03\/preparando-la-primavera-2-0\/","title":{"rendered":"<!--:es-->preparando la primavera 2.0<!--:-->"},"content":{"rendered":"<p><!--:es--><span style=\"color: #222222;\"><span style=\"font-family: arial;\"><span style=\"font-size: medium;\">Buen\u00edsimas noticias, una vez m\u00e1s.<\/span><\/span><\/span><\/p>\n<p><span style=\"color: #222222;\"><span style=\"font-family: arial;\"><span style=\"font-size: medium;\">Ya tenemos fecha y men\u00fa definitivo para nuestra pr\u00f3xima quedada XXL:<\/span><\/span><\/span><\/p>\n<p><span style=\"color: #222222;\"><span style=\"font-family: arial;\"><span style=\"font-size: large;\"><b>1 de marzo, a las 10,30 de la ma\u00f1ana (para empezar a las once porque, como es bien sabido, no ten\u00e9is formalidad)<\/b><\/span><\/span><\/span><\/p>\n<p><span style=\"color: #222222;\"><span style=\"font-family: arial;\"><span style=\"font-size: medium;\">Men\u00fa: ma\u00f1ana (11 a 13,30: aprox)<\/span><\/span><\/span><\/p>\n<p><span style=\"color: #222222;\"><span style=\"font-family: arial;\"><span style=\"font-size: medium;\">Como elaborar un bocashi y preparar bio char (carb\u00f3n vegetal)<\/span><\/span><\/span><\/p>\n<p><span style=\"color: #222222;\"><span style=\"font-family: arial;\"><span style=\"font-size: medium;\">mediod\u00eda: (14 a 16 aprox)<\/span><\/span><\/span><\/p>\n<p><span style=\"color: #222222;\"><span style=\"font-family: arial;\"><span style=\"font-size: medium;\">Como masticar, digerir y sobre todo disfrutar, un buen men\u00fa del d\u00eda (el restaurante est\u00e1 por decidir pero hay varias opciones a cual mejores. Ya os iremos comentando)<\/span><\/span><\/span><\/p>\n<p><span style=\"color: #222222;\"><span style=\"font-family: arial;\"><span style=\"font-size: medium;\">tarde: (16 a 18,30 aprox)<\/span><\/span><\/span><\/p>\n<p><span style=\"color: #222222;\"><span style=\"font-family: arial;\"><span style=\"font-size: medium;\">T\u00e9cnicas para comprobar la calidad y salud del suelo.<\/span><\/span><\/span><\/p>\n<p><span style=\"color: #222222;\"><span style=\"font-family: arial;\"><span style=\"font-size: medium;\">Cocineros: Jes\u00fas, Joseba y Paco. Por cierto, para que vay\u00e1is abriendo el apetito, he inclu\u00eddo en <a title=\"Documentos agroecolog\u00eda | ReDiles\" href=\"http:\/\/rediles.com\/agroecologia\/documentos\/\">Documentos<\/a>, un monogr\u00e1fico elaborado por Joseba sobre la pir\u00f3lisis. Es un trabajo excelente y muy \u00fatil, y adem\u00e1s en los dos idiomas \u00bfhay quien de m\u00e1s?<\/span><\/span><\/span><\/p>\n<p><span style=\"color: #222222;\"><span style=\"font-family: arial;\"><span style=\"font-size: medium;\">Como veis un d\u00eda completito PERO con tiempo para que podamos compartir las experiencias de cada uno, tratar de resolver dudas, etc.<\/span><\/span><\/span><\/p>\n<p><span style=\"color: #222222;\"><span style=\"font-family: arial;\"><span style=\"font-size: medium;\">Como siempre, ES NECESARIO INSCRIBIRSE, AS\u00cd QUE AH\u00cd VA EL ENLACE<\/span><\/span><\/span><\/p>\n<p><a href=\"http:\/\/micaasa.dyndns.org:9001\/p\/Lekeitio20140301\" target=\"_blank\"><span style=\"color: #1155cc;\"><span style=\"font-family: arial;\"><span style=\"font-size: medium;\">http:\/\/micaasa.dyndns.org:9001\/p\/Lekeitio20140301<\/span><\/span><\/span><\/a><\/p>\n<p><span style=\"color: #222222;\"><span style=\"font-family: arial;\"><span style=\"font-size: medium;\">Espero que pod\u00e1is dedicar un d\u00eda de vuestra apretada agenda a disfrutar de Lekeitio y sus gentes (Y a tolerar con paciencia nuestras charlas eruditas, que se las traen)<\/span><\/span><\/span><\/p>\n<p><span style=\"color: #222222;\"><span style=\"font-family: arial;\"><span style=\"font-size: medium;\">Pues eso.<\/span><\/span><\/span><!--:--><\/p>\n","protected":false},"excerpt":{"rendered":"<p>Buen\u00edsimas noticias, una vez m\u00e1s. Ya tenemos fecha y men\u00fa definitivo para nuestra pr\u00f3xima quedada XXL: 1 de marzo, a las 10,30 de la ma\u00f1ana (para empezar a las once porque, como es bien sabido, no ten\u00e9is formalidad) Men\u00fa: ma\u00f1ana &hellip;<\/p>\n<p class=\"read-more\"> <a class=\"more-link\" href=\"http:\/\/rediles.com\/agroecologia\/2014\/02\/03\/preparando-la-primavera-2-0\/\"> <span class=\"screen-reader-text\"><!--:es-->preparando la primavera 2.0<!--:--><\/span> Leer m\u00e1s \u00bb<\/a><\/p>\n","protected":false},"author":1740,"featured_media":0,"comment_status":"open","ping_status":"open","sticky":false,"template":"","format":"standard","meta":{"_bbp_topic_count":0,"_bbp_reply_count":0,"_bbp_total_topic_count":0,"_bbp_total_reply_count":0,"_bbp_voice_count":0,"_bbp_anonymous_reply_count":0,"_bbp_topic_count_hidden":0,"_bbp_reply_count_hidden":0,"_bbp_forum_subforum_count":0,"footnotes":"","_links_to":"","_links_to_target":""},"categories":[2],"tags":[],"class_list":["post-980","post","type-post","status-publish","format-standard","hentry","category-formacion"],"_links":{"self":[{"href":"http:\/\/rediles.com\/agroecologia\/wp-json\/wp\/v2\/posts\/980","targetHints":{"allow":["GET"]}}],"collection":[{"href":"http:\/\/rediles.com\/agroecologia\/wp-json\/wp\/v2\/posts"}],"about":[{"href":"http:\/\/rediles.com\/agroecologia\/wp-json\/wp\/v2\/types\/post"}],"author":[{"embeddable":true,"href":"http:\/\/rediles.com\/agroecologia\/wp-json\/wp\/v2\/users\/1740"}],"replies":[{"embeddable":true,"href":"http:\/\/rediles.com\/agroecologia\/wp-json\/wp\/v2\/comments?post=980"}],"version-history":[{"count":3,"href":"http:\/\/rediles.com\/agroecologia\/wp-json\/wp\/v2\/posts\/980\/revisions"}],"predecessor-version":[{"id":987,"href":"http:\/\/rediles.com\/agroecologia\/wp-json\/wp\/v2\/posts\/980\/revisions\/987"}],"wp:attachment":[{"href":"http:\/\/rediles.com\/agroecologia\/wp-json\/wp\/v2\/media?parent=980"}],"wp:term":[{"taxonomy":"category","embeddable":true,"href":"http:\/\/rediles.com\/agroecologia\/wp-json\/wp\/v2\/categories?post=980"},{"taxonomy":"post_tag","embeddable":true,"href":"http:\/\/rediles.com\/agroecologia\/wp-json\/wp\/v2\/tags?post=980"}],"curies":[{"name":"wp","href":"https:\/\/api.w.org\/{rel}","templated":true}]}}