{"id":1391,"date":"2016-03-23T19:04:16","date_gmt":"2016-03-23T19:04:16","guid":{"rendered":"http:\/\/rediles.com\/atletismo\/?p=1391"},"modified":"2016-03-23T19:04:16","modified_gmt":"2016-03-23T19:04:16","slug":"12-maraton-adaptarse-al-asfalto","status":"publish","type":"post","link":"http:\/\/rediles.com\/atletismo\/2016\/03\/23\/12-maraton-adaptarse-al-asfalto\/","title":{"rendered":"1\/2 MARAT\u00d3N. Adaptarse al asfalto."},"content":{"rendered":"<p>Los seguidores de este blog, conocen ya mi empe\u00f1o en participar en una media marat\u00f3n con la sana intenci\u00f3n de resultar competitivo, e incluso rebajar la hora y quince minutos, con un solo a\u00f1o de entrenamiento y a mis cincuenta primaveras.<br \/>\nLo intent\u00e9 tras el verano alentado por mi \u00e9xito en una carrera m\u00e1s corta, pero mi escasa preparaci\u00f3n y una inoportuna enfermedad, ni siquiera me permitieron intentarlo. Despu\u00e9s lleg\u00f3 un largu\u00edsimo catarro que no me permiti\u00f3 hacer ni un m\u00edsero kil\u00f3metro en todo el mes de Diciembre, y en el mes de Febrero, la climatolog\u00eda ha sido tan adversa en mi zona, que al invierno s\u00f3lo le ha faltado pegarme patadas en el trasero.<br \/>\nTodos estos contratiempos han tra\u00eddo como consecuencia una acumulaci\u00f3n m\u00e1s bien corta de entrenamiento. Pero a falta de kil\u00f3metros y unas cualidades bastante modestas, mi \u00fanica arma de buen corredor (m\u00e1s cabez\u00f3n y terco que un reba\u00f1o de mulas de buen tama\u00f1o), me ha permitido progresar a base de ejercicios en casa (mucha bici est\u00e1tica y gran cantidad de ejercicios de fuerza) y salir a correr mis sesiones de fartlek cuando no nevaba o me llevaban las ventoleras (la mayor parte de las semanas s\u00f3lo he salido a correr dos veces).<br \/>\nA pesar de los pesares voy mejorando ostensiblemente, y ya tengo fecha de batalla el 24 de abril en la media de Burgos, si es que en esta ocasi\u00f3n no se me rompe alguna \u201ctripa\u201d.<br \/>\nA d\u00eda de hoy entreno, si el tiempo lo permite (no veo ning\u00fan sentido a salir a \u201cpatinar\u201d con dos palmos de nieve); dos d\u00edas de deporte alternativo (bici est\u00e1tica), dos d\u00edas de hora y media de fartlek en tierra, y un d\u00eda de adaptaci\u00f3n al asfalto.<br \/>\nS\u00ed, he dicho bien, como dice el t\u00edtulo del art\u00edculo, adaptaci\u00f3n al asfalto. Los que me conocen bien, saben que por mi acentuada fragilidad muscular yo ni siquiera miro el asfalto con gafas de soldador, pero tambi\u00e9n creo que si se pretende hacer algo que merezca la pena en carreras de larga distancia en este terreno, es imprescindible \u201csaborear\u201d el medio, dejar que el f\u00edsico se acostumbre a la dura carretera, y ver qu\u00e9 tal nos movemos en ella a ritmos exigentes, si no queremos vernos el d\u00eda de la competici\u00f3n con sensaciones extra\u00f1as e imprevistas.<br \/>\nDe momento, y gracias a unas zapatillas de m\u00e1xima amortiguaci\u00f3n, he conseguido adaptarme mejor de lo que esperaba al asfalto, consiguiendo aguantar ritmos en torno a los 4m sin lesionarme, y atacando las cuestas (en las que no hay gran impacto de pisada) como si en ello me fuera el sueldo. Por supuesto, en las bajas voy tan lento que les freno el ritmo a los caracoles.<br \/>\nEn cualquier caso voy haci\u00e9ndome una idea de lo que ser\u00e1 la competici\u00f3n, y creo que con un poco m\u00e1s de mejora podr\u00e9 cumplir con mis objetivos, si en Burgos no sale un d\u00eda de perros (que tampoco ser\u00eda muy extra\u00f1o en estas fechas). A mediados-final de Abril dar\u00e9 una idea de cuales son mis sensaciones antes de la carrera, y en qu\u00e9 han quedado m\u00e1s exactamente mis entrenamientos, para que todo el mundo se haga una idea de cual es el trabajo necesario para unos resultados concretos, y as\u00ed cada un@ pueda aplicarlo a su entrenamiento personal, si quiere abordar los mismos objetivos de media marat\u00f3n.<br \/>\nA lo dicho, en un mes continuar\u00e1 el siguiente \u201cculebr\u00f3n\u201d. Un abrazo muy fuerte a tod@s.<\/p>\n","protected":false},"excerpt":{"rendered":"<p>Los seguidores de este blog, conocen ya mi empe\u00f1o en participar en una media marat\u00f3n con la sana intenci\u00f3n de resultar competitivo, e incluso rebajar la hora y quince minutos, con un solo a\u00f1o de entrenamiento y a mis cincuenta &hellip; <a href=\"http:\/\/rediles.com\/atletismo\/2016\/03\/23\/12-maraton-adaptarse-al-asfalto\/\">Sigue leyendo <span class=\"meta-nav\">&rarr;<\/span><\/a><\/p>\n","protected":false},"author":9,"featured_media":0,"comment_status":"open","ping_status":"open","sticky":false,"template":"","format":"standard","meta":{"_bbp_topic_count":0,"_bbp_reply_count":0,"_bbp_total_topic_count":0,"_bbp_total_reply_count":0,"_bbp_voice_count":0,"_bbp_anonymous_reply_count":0,"_bbp_topic_count_hidden":0,"_bbp_reply_count_hidden":0,"_bbp_forum_subforum_count":0,"footnotes":"","_links_to":"","_links_to_target":""},"categories":[1],"tags":[],"class_list":["post-1391","post","type-post","status-publish","format-standard","hentry","category-sin-categoria"],"_links":{"self":[{"href":"http:\/\/rediles.com\/atletismo\/wp-json\/wp\/v2\/posts\/1391","targetHints":{"allow":["GET"]}}],"collection":[{"href":"http:\/\/rediles.com\/atletismo\/wp-json\/wp\/v2\/posts"}],"about":[{"href":"http:\/\/rediles.com\/atletismo\/wp-json\/wp\/v2\/types\/post"}],"author":[{"embeddable":true,"href":"http:\/\/rediles.com\/atletismo\/wp-json\/wp\/v2\/users\/9"}],"replies":[{"embeddable":true,"href":"http:\/\/rediles.com\/atletismo\/wp-json\/wp\/v2\/comments?post=1391"}],"version-history":[{"count":1,"href":"http:\/\/rediles.com\/atletismo\/wp-json\/wp\/v2\/posts\/1391\/revisions"}],"predecessor-version":[{"id":1393,"href":"http:\/\/rediles.com\/atletismo\/wp-json\/wp\/v2\/posts\/1391\/revisions\/1393"}],"wp:attachment":[{"href":"http:\/\/rediles.com\/atletismo\/wp-json\/wp\/v2\/media?parent=1391"}],"wp:term":[{"taxonomy":"category","embeddable":true,"href":"http:\/\/rediles.com\/atletismo\/wp-json\/wp\/v2\/categories?post=1391"},{"taxonomy":"post_tag","embeddable":true,"href":"http:\/\/rediles.com\/atletismo\/wp-json\/wp\/v2\/tags?post=1391"}],"curies":[{"name":"wp","href":"https:\/\/api.w.org\/{rel}","templated":true}]}}