{"id":66,"date":"2011-03-15T23:53:48","date_gmt":"2011-03-15T23:53:48","guid":{"rendered":"http:\/\/rediles.com\/biodiversidadvirtualeuskadipaisvasco\/?p=66"},"modified":"2011-03-25T01:17:51","modified_gmt":"2011-03-25T01:17:51","slug":"resumen-testing-yo-quiero-ser-un-lobo-en-anillo-verde-vitoria-gasteiz","status":"publish","type":"post","link":"http:\/\/rediles.com\/biodiversidadvirtualeuskadipaisvasco\/resumen-testing-yo-quiero-ser-un-lobo-en-anillo-verde-vitoria-gasteiz\/","title":{"rendered":"Resumen testing Yo quiero ser un lobo en anillo verde Vitoria-Gasteiz"},"content":{"rendered":"<p>El testing \u00abyo quiero ser un lobo\u00bb en memoria de Felix Rodriguez de la Fuente, celebrado en el 31 aniversario de su muerte, fue seguido simultaneamente en diversas localizaciones.<\/p>\n<p>Dentro del Pa\u00eds Vasco, se realiz\u00f3 un testing en la zona del anillo verde de Vitoria-Gasteiz situada entra Abetxuko y Gobeo, el domingo d\u00eda 13 de marzo.<\/p>\n<div id=\"attachment_73\" style=\"width: 410px\" class=\"wp-caption aligncenter\"><a href=\"http:\/\/rediles.com\/biodiversidadvirtualeuskadipaisvasco\/files\/2011\/03\/P1080480pq.jpg\"><img loading=\"lazy\" decoding=\"async\" aria-describedby=\"caption-attachment-73\" class=\"size-full wp-image-73   \" src=\"http:\/\/rediles.com\/biodiversidadvirtualeuskadipaisvasco\/files\/2011\/03\/P1080480pq.jpg\" alt=\"Comienzo del testing &quot;Yo quiero ser un lobo&quot; Vitoria-Gasteiz\" width=\"400\" height=\"300\" srcset=\"http:\/\/rediles.com\/biodiversidadvirtualeuskadipaisvasco\/files\/2011\/03\/P1080480pq.jpg 400w, http:\/\/rediles.com\/biodiversidadvirtualeuskadipaisvasco\/files\/2011\/03\/P1080480pq-300x225.jpg 300w\" sizes=\"auto, (max-width: 400px) 100vw, 400px\" \/><\/a><p id=\"caption-attachment-73\" class=\"wp-caption-text\">Comienzo del testing &quot;Yo quiero ser un lobo&quot; Vitoria-Gasteiz<\/p><\/div>\n<p>Dada la fecha, y conociendo el tiempo que suele hacer por  Vitoria-Gasteiz, decidimos hacer un recorrido m\u00e1s bien corto, de unas  dos horas de duraci\u00f3n. Suficientemente largo como para poder hacer unas  cuantas fotos y, aprovechando la cercan\u00eda a la ciudad, suficientemente  corto como para no desanimar a los que quisieran acercarse para conocer  lo que son los testings.<\/p>\n<div id=\"attachment_87\" style=\"width: 310px\" class=\"wp-caption aligncenter\"><a href=\"http:\/\/rediles.com\/biodiversidadvirtualeuskadipaisvasco\/files\/2011\/03\/recorrido-testing-yo-quiero-ser-un-lobo-Vitoria-Gasteiz-Abetxuko-Gobeo-20110313.jpg\"><img loading=\"lazy\" decoding=\"async\" aria-describedby=\"caption-attachment-87\" class=\"size-medium wp-image-87\" src=\"http:\/\/rediles.com\/biodiversidadvirtualeuskadipaisvasco\/files\/2011\/03\/recorrido-testing-yo-quiero-ser-un-lobo-Vitoria-Gasteiz-Abetxuko-Gobeo-20110313-300x300.jpg\" alt=\"recorrido testing yo quiero ser un lobo Vitoria-Gasteiz-Abetxuko-Gobeo-20110313\" width=\"300\" height=\"300\" srcset=\"http:\/\/rediles.com\/biodiversidadvirtualeuskadipaisvasco\/files\/2011\/03\/recorrido-testing-yo-quiero-ser-un-lobo-Vitoria-Gasteiz-Abetxuko-Gobeo-20110313-300x300.jpg 300w, http:\/\/rediles.com\/biodiversidadvirtualeuskadipaisvasco\/files\/2011\/03\/recorrido-testing-yo-quiero-ser-un-lobo-Vitoria-Gasteiz-Abetxuko-Gobeo-20110313-150x150.jpg 150w, http:\/\/rediles.com\/biodiversidadvirtualeuskadipaisvasco\/files\/2011\/03\/recorrido-testing-yo-quiero-ser-un-lobo-Vitoria-Gasteiz-Abetxuko-Gobeo-20110313.jpg 676w\" sizes=\"auto, (max-width: 300px) 100vw, 300px\" \/><\/a><p id=\"caption-attachment-87\" class=\"wp-caption-text\">recorrido testing yo quiero ser un lobo Vitoria-Gasteiz-Abetxuko-Gobeo-20110313 (Imagen creada por Tesyfonte)<\/p><\/div>\n<p>La previsiones meteorol\u00f3gicas no eran muy buenas, de nubes y lluvia, pero sin embargo nos hizo una ma\u00f1ana buen\u00edsima, en la que incluso pudimos ver bastante el sol.<\/p>\n<p>Ante la escasez de objetivos a fotografiar en estas fechas, nos centramos en las plantas, aunque tambi\u00e9n pudimos divisar algunas aves, abejorros, hongos, e incluso una bonita mariposa.<\/p>\n<p style=\"text-align: center\">&nbsp;<\/p>\n<div id=\"attachment_76\" style=\"width: 410px\" class=\"wp-caption aligncenter\"><a href=\"http:\/\/rediles.com\/biodiversidadvirtualeuskadipaisvasco\/files\/2011\/03\/P1080494pq.jpg\"><img loading=\"lazy\" decoding=\"async\" aria-describedby=\"caption-attachment-76\" class=\"size-full wp-image-76  \" src=\"http:\/\/rediles.com\/biodiversidadvirtualeuskadipaisvasco\/files\/2011\/03\/P1080494pq.jpg\" alt=\"Explorando la biodiversidad de la zona - Anillo verde Vitoria-Gasteiz\" width=\"400\" height=\"300\" srcset=\"http:\/\/rediles.com\/biodiversidadvirtualeuskadipaisvasco\/files\/2011\/03\/P1080494pq.jpg 400w, http:\/\/rediles.com\/biodiversidadvirtualeuskadipaisvasco\/files\/2011\/03\/P1080494pq-300x225.jpg 300w\" sizes=\"auto, (max-width: 400px) 100vw, 400px\" \/><\/a><p id=\"caption-attachment-76\" class=\"wp-caption-text\">Explorando la biodiversidad de la zona - Anillo verde Vitoria-Gasteiz<\/p><\/div>\n<p>Sobre los participantes, no se me ocurren m\u00e1s que alabanzas. Espero que podamos coincidir en m\u00e1s ocasiones.<\/p>\n<div id=\"attachment_77\" style=\"width: 310px\" class=\"wp-caption aligncenter\"><a href=\"http:\/\/rediles.com\/biodiversidadvirtualeuskadipaisvasco\/files\/2011\/03\/DSCF6592pq.jpg\"><img loading=\"lazy\" decoding=\"async\" aria-describedby=\"caption-attachment-77\" class=\"size-medium wp-image-77  \" src=\"http:\/\/rediles.com\/biodiversidadvirtualeuskadipaisvasco\/files\/2011\/03\/DSCF6592pq-300x225.jpg\" alt=\"Foto parte del grupo testing de biodiversidad anillo verde Vitoria-Gasteiz tramo Abetxuko-Gobeo\" width=\"300\" height=\"225\" srcset=\"http:\/\/rediles.com\/biodiversidadvirtualeuskadipaisvasco\/files\/2011\/03\/DSCF6592pq-300x225.jpg 300w, http:\/\/rediles.com\/biodiversidadvirtualeuskadipaisvasco\/files\/2011\/03\/DSCF6592pq.jpg 400w\" sizes=\"auto, (max-width: 300px) 100vw, 300px\" \/><\/a><p id=\"caption-attachment-77\" class=\"wp-caption-text\">Foto parte del grupo testing de biodiversidad anillo verde Vitoria-Gasteiz tramo Abetxuko-Gobeo<\/p><\/div>\n","protected":false},"excerpt":{"rendered":"<p>El testing \u00abyo quiero ser un lobo\u00bb en memoria de Felix Rodriguez de la Fuente, celebrado en el 31 aniversario de su muerte, fue seguido simultaneamente en diversas localizaciones. Dentro del Pa\u00eds Vasco, se realiz\u00f3 un testing en la zona &hellip; <a href=\"http:\/\/rediles.com\/biodiversidadvirtualeuskadipaisvasco\/resumen-testing-yo-quiero-ser-un-lobo-en-anillo-verde-vitoria-gasteiz\/\">Sigue leyendo <span class=\"meta-nav\">&rarr;<\/span><\/a><\/p>\n","protected":false},"author":2,"featured_media":0,"comment_status":"open","ping_status":"open","sticky":false,"template":"","format":"standard","meta":{"_bbp_topic_count":0,"_bbp_reply_count":0,"_bbp_total_topic_count":0,"_bbp_total_reply_count":0,"_bbp_voice_count":0,"_bbp_anonymous_reply_count":0,"_bbp_topic_count_hidden":0,"_bbp_reply_count_hidden":0,"_bbp_forum_subforum_count":0,"footnotes":"","_links_to":"","_links_to_target":""},"categories":[1],"tags":[],"class_list":["post-66","post","type-post","status-publish","format-standard","hentry","category-sin-categoria"],"_links":{"self":[{"href":"http:\/\/rediles.com\/biodiversidadvirtualeuskadipaisvasco\/wp-json\/wp\/v2\/posts\/66","targetHints":{"allow":["GET"]}}],"collection":[{"href":"http:\/\/rediles.com\/biodiversidadvirtualeuskadipaisvasco\/wp-json\/wp\/v2\/posts"}],"about":[{"href":"http:\/\/rediles.com\/biodiversidadvirtualeuskadipaisvasco\/wp-json\/wp\/v2\/types\/post"}],"author":[{"embeddable":true,"href":"http:\/\/rediles.com\/biodiversidadvirtualeuskadipaisvasco\/wp-json\/wp\/v2\/users\/2"}],"replies":[{"embeddable":true,"href":"http:\/\/rediles.com\/biodiversidadvirtualeuskadipaisvasco\/wp-json\/wp\/v2\/comments?post=66"}],"version-history":[{"count":13,"href":"http:\/\/rediles.com\/biodiversidadvirtualeuskadipaisvasco\/wp-json\/wp\/v2\/posts\/66\/revisions"}],"predecessor-version":[{"id":71,"href":"http:\/\/rediles.com\/biodiversidadvirtualeuskadipaisvasco\/wp-json\/wp\/v2\/posts\/66\/revisions\/71"}],"wp:attachment":[{"href":"http:\/\/rediles.com\/biodiversidadvirtualeuskadipaisvasco\/wp-json\/wp\/v2\/media?parent=66"}],"wp:term":[{"taxonomy":"category","embeddable":true,"href":"http:\/\/rediles.com\/biodiversidadvirtualeuskadipaisvasco\/wp-json\/wp\/v2\/categories?post=66"},{"taxonomy":"post_tag","embeddable":true,"href":"http:\/\/rediles.com\/biodiversidadvirtualeuskadipaisvasco\/wp-json\/wp\/v2\/tags?post=66"}],"curies":[{"name":"wp","href":"https:\/\/api.w.org\/{rel}","templated":true}]}}