{"id":880,"date":"2012-10-14T11:53:33","date_gmt":"2012-10-14T11:53:33","guid":{"rendered":"http:\/\/rediles.com\/cocinafacil\/?p=880"},"modified":"2013-03-01T12:17:41","modified_gmt":"2013-03-01T12:17:41","slug":"cardo-con-jamon","status":"publish","type":"post","link":"http:\/\/rediles.com\/cocinafacil\/2012\/10\/14\/cardo-con-jamon\/","title":{"rendered":"Cardo con jam\u00f3n"},"content":{"rendered":"<p><!--:es-->El cardo es una verdura de sabor ligeramente amargo. Es buena fuente de vitaminas, minerales, fibra y sustancias antioxidantes, tiene gran contenido de agua, lo que \u00a0hace que sea poco cal\u00f3rico.<\/p>\n<p>Como no es f\u00e1cil encontrar cardo fresco en las tiendas, podemos utilizar cardo en conserva, adem\u00e1s nos ahorramos el limpiarlo y cocerlo, tambi\u00e9n podemos encontrarlo congelado, pero si consegu\u00eds cardo crudo, merece la pena probarlo, aunque nos de un poco mas de trabajo, el sabor es incomparable.<img loading=\"lazy\" decoding=\"async\" class=\"alignright\" alt=\"\" src=\"https:\/\/lh4.googleusercontent.com\/-lOdF7cmAssw\/UHcYM3gt-AI\/AAAAAAAABRM\/QJCXFGK2gd0\/s741\/DSCF0801.JPG\" width=\"266\" height=\"267\" \/><\/p>\n<p>Cardo<br \/>\nJam\u00f3n serrano<br \/>\nAjo<br \/>\nHarina<br \/>\nAceite de oliva<br \/>\nSal<\/p>\n<p>Limpiamos muy bien el cardo en agua, si fuese necesario lo pelamos.<\/p>\n<p>Cortamos en trozos regulares de unos 2 cm. de grosor aproximadamente.<\/p>\n<p>Cocemos el cardo en agua hirviendo con sal (algunos ponen lim\u00f3n para que no se oscurezca, pero le cambia un poco el sabor).<\/p>\n<p>Una vez tierno, escurrimos el cardo y reservamos el caldo.<\/p>\n<p>En una sart\u00e9n con aceite caliente, sofre\u00edmos los dientes de ajos picados y unos taquitos de jam\u00f3n, antes de cojan color, a\u00f1adimos una cucharada de harina y la doramos un poco.<\/p>\n<p>Vamos agregando el caldo poco a poco \u00a0sin parar de remover, hasta conseguir una especie de bechamel un poco liquida (velout\u00e9).<\/p>\n<p>Cuando tengamos el punto de la salsa, a\u00f1adimos el cardo que ten\u00edamos reservado.<\/p>\n<p>Damos un hervor al conjunto, ponemos a punto de sal y servimos al instante.<\/p>\n<p>Si queremos, podemos espolvorear con un poco de perejil picado.<!--:--><\/p>\n","protected":false},"excerpt":{"rendered":"<p>El cardo es una verdura de sabor ligeramente amargo. Es buena fuente de vitaminas, minerales, fibra y sustancias antioxidantes, tiene gran contenido de agua, lo que \u00a0hace que sea poco cal\u00f3rico. Como no es f\u00e1cil encontrar cardo fresco en las tiendas, podemos utilizar cardo en conserva, adem\u00e1s nos ahorramos el limpiarlo y cocerlo, tambi\u00e9n podemos &hellip; <a href=\"http:\/\/rediles.com\/cocinafacil\/2012\/10\/14\/cardo-con-jamon\/\" class=\"more-link\">Seguir leyendo <span class=\"screen-reader-text\">Cardo con jam\u00f3n<\/span> <span class=\"meta-nav\">&rarr;<\/span><\/a><\/p>\n","protected":false},"author":11,"featured_media":0,"comment_status":"open","ping_status":"open","sticky":false,"template":"","format":"standard","meta":{"_bbp_topic_count":0,"_bbp_reply_count":0,"_bbp_total_topic_count":0,"_bbp_total_reply_count":0,"_bbp_voice_count":0,"_bbp_anonymous_reply_count":0,"_bbp_topic_count_hidden":0,"_bbp_reply_count_hidden":0,"_bbp_forum_subforum_count":0,"footnotes":"","_links_to":"","_links_to_target":""},"categories":[9],"tags":[],"class_list":["post-880","post","type-post","status-publish","format-standard","hentry","category-verduras"],"_links":{"self":[{"href":"http:\/\/rediles.com\/cocinafacil\/wp-json\/wp\/v2\/posts\/880","targetHints":{"allow":["GET"]}}],"collection":[{"href":"http:\/\/rediles.com\/cocinafacil\/wp-json\/wp\/v2\/posts"}],"about":[{"href":"http:\/\/rediles.com\/cocinafacil\/wp-json\/wp\/v2\/types\/post"}],"author":[{"embeddable":true,"href":"http:\/\/rediles.com\/cocinafacil\/wp-json\/wp\/v2\/users\/11"}],"replies":[{"embeddable":true,"href":"http:\/\/rediles.com\/cocinafacil\/wp-json\/wp\/v2\/comments?post=880"}],"version-history":[{"count":5,"href":"http:\/\/rediles.com\/cocinafacil\/wp-json\/wp\/v2\/posts\/880\/revisions"}],"predecessor-version":[{"id":1060,"href":"http:\/\/rediles.com\/cocinafacil\/wp-json\/wp\/v2\/posts\/880\/revisions\/1060"}],"wp:attachment":[{"href":"http:\/\/rediles.com\/cocinafacil\/wp-json\/wp\/v2\/media?parent=880"}],"wp:term":[{"taxonomy":"category","embeddable":true,"href":"http:\/\/rediles.com\/cocinafacil\/wp-json\/wp\/v2\/categories?post=880"},{"taxonomy":"post_tag","embeddable":true,"href":"http:\/\/rediles.com\/cocinafacil\/wp-json\/wp\/v2\/tags?post=880"}],"curies":[{"name":"wp","href":"https:\/\/api.w.org\/{rel}","templated":true}]}}