{"id":227,"date":"2011-03-23T14:57:46","date_gmt":"2011-03-23T13:57:46","guid":{"rendered":"http:\/\/rediles.com\/ecohuerto\/?p=227"},"modified":"2011-03-23T16:52:21","modified_gmt":"2011-03-23T15:52:21","slug":"presentacion-publica-del-proyecto-gasteiz-en-transicion","status":"publish","type":"post","link":"http:\/\/rediles.com\/ecohuerto\/2011\/03\/23\/presentacion-publica-del-proyecto-gasteiz-en-transicion\/","title":{"rendered":"Presentaci\u00f3n p\u00fablica del proyecto Gasteiz en transici\u00f3n"},"content":{"rendered":"<p>Vitoria-Gasteiz en Transici\u00f3n, as\u00ed como los innumerables proyectos de ciudades en transici\u00f3n, no es m\u00e1s que una excusa para materializar lo que much@s llevamos tiempo sintiendo: que es hora de unir fuerzas entre las personas que deseamos mejorar este mundo, cada cual en su parcela.<\/p>\n<p>Se dar\u00e1 a conocer el proyecto a trav\u00e9s de unas jornadas que contar\u00e1n con la presencia de ponentes de reconocido prestigio.<\/p>\n<p>El cartel anunciador de las jornadas es el siguiente:<\/p>\n<div style=\"width: 610px\" class=\"wp-caption alignnone\"><img loading=\"lazy\" decoding=\"async\" class=\"  \" src=\"http:\/\/gasteizentransicion.files.wordpress.com\/2011\/03\/g78672.png\" alt=\"Cartel jornadas presentaci\u00f3n Vitoria-Gasteiz en transici\u00f3n\" width=\"600\" height=\"847\" \/><p class=\"wp-caption-text\">Cartel jornadas presentaci\u00f3n Vitoria-Gasteiz en transici\u00f3n<\/p><\/div>\n<p>Animaros. Las plazas son limitadas por lo que es aconsejable apuntarse antes contactando con <a title=\"Organizaci\u00f3n jornadas Gasteiz en transici\u00f3n\" href=\"mailto:gasteizentransicion@gmail.com?body=Interesado en asistir a jornadas.Solicito m\u00e1s informaci\u00f3n&#038;subject=Jornadas Decrecimiento y Ciudades en Transici\u00f3n - rediles.com\">los organizadores<\/a>, sobre todo para los que tengan que desplazarse.<\/p>\n<!-- AddThis Advanced Settings generic via filter on the_content --><!-- AddThis Share Buttons generic via filter on the_content -->","protected":false},"excerpt":{"rendered":"<p>Vitoria-Gasteiz en Transici\u00f3n, as\u00ed como los innumerables proyectos de ciudades en transici\u00f3n, no es m\u00e1s que una excusa para materializar lo que much@s llevamos tiempo sintiendo: que es hora de unir fuerzas entre las personas que deseamos mejorar este mundo, &hellip; <a href=\"http:\/\/rediles.com\/ecohuerto\/2011\/03\/23\/presentacion-publica-del-proyecto-gasteiz-en-transicion\/\">Sigue leyendo <span class=\"meta-nav\">&rarr;<\/span><\/a><!-- AddThis Advanced Settings generic via filter on get_the_excerpt --><!-- AddThis Share Buttons generic via filter on get_the_excerpt --><\/p>\n","protected":false},"author":2,"featured_media":0,"comment_status":"open","ping_status":"open","sticky":false,"template":"","format":"standard","meta":{"_bbp_topic_count":0,"_bbp_reply_count":0,"_bbp_total_topic_count":0,"_bbp_total_reply_count":0,"_bbp_voice_count":0,"_bbp_anonymous_reply_count":0,"_bbp_topic_count_hidden":0,"_bbp_reply_count_hidden":0,"_bbp_forum_subforum_count":0,"footnotes":"","_links_to":"","_links_to_target":""},"categories":[1],"tags":[],"class_list":["post-227","post","type-post","status-publish","format-standard","hentry","category-sin-categoria"],"_links":{"self":[{"href":"http:\/\/rediles.com\/ecohuerto\/wp-json\/wp\/v2\/posts\/227","targetHints":{"allow":["GET"]}}],"collection":[{"href":"http:\/\/rediles.com\/ecohuerto\/wp-json\/wp\/v2\/posts"}],"about":[{"href":"http:\/\/rediles.com\/ecohuerto\/wp-json\/wp\/v2\/types\/post"}],"author":[{"embeddable":true,"href":"http:\/\/rediles.com\/ecohuerto\/wp-json\/wp\/v2\/users\/2"}],"replies":[{"embeddable":true,"href":"http:\/\/rediles.com\/ecohuerto\/wp-json\/wp\/v2\/comments?post=227"}],"version-history":[{"count":8,"href":"http:\/\/rediles.com\/ecohuerto\/wp-json\/wp\/v2\/posts\/227\/revisions"}],"predecessor-version":[{"id":235,"href":"http:\/\/rediles.com\/ecohuerto\/wp-json\/wp\/v2\/posts\/227\/revisions\/235"}],"wp:attachment":[{"href":"http:\/\/rediles.com\/ecohuerto\/wp-json\/wp\/v2\/media?parent=227"}],"wp:term":[{"taxonomy":"category","embeddable":true,"href":"http:\/\/rediles.com\/ecohuerto\/wp-json\/wp\/v2\/categories?post=227"},{"taxonomy":"post_tag","embeddable":true,"href":"http:\/\/rediles.com\/ecohuerto\/wp-json\/wp\/v2\/tags?post=227"}],"curies":[{"name":"wp","href":"https:\/\/api.w.org\/{rel}","templated":true}]}}