{"id":471,"date":"2015-12-17T04:53:34","date_gmt":"2015-12-17T03:53:34","guid":{"rendered":"http:\/\/rediles.com\/ecohuerto\/?p=471"},"modified":"2015-12-17T05:16:29","modified_gmt":"2015-12-17T04:16:29","slug":"sabado-19-de-diciembre-de-2015-ix-encuentro-civico-alimentario-en-vitoria-gasteiz","status":"publish","type":"post","link":"http:\/\/rediles.com\/ecohuerto\/2015\/12\/17\/sabado-19-de-diciembre-de-2015-ix-encuentro-civico-alimentario-en-vitoria-gasteiz\/","title":{"rendered":"S\u00e1bado 19 de diciembre de 2015 &#8211; IX Encuentro  C\u00edvico Alimentario en Vitoria-Gasteiz"},"content":{"rendered":"<p>Un a\u00f1o m\u00e1s, y una nueva edici\u00f3n del Encuentro C\u00edvico Alimentario de Vitoria-Gasteiz, la novena, en este a\u00f1o 2015 nombrado como A\u00f1o Internacional de los Suelos.<\/p>\n<p>Se desarrollar\u00e1 entre las 10:30 en el huerto del Convento de las Brigidas, y las 14:30<\/p>\n<p>Se puede descargar el programa de:<\/p>\n<p><a href=\"http:\/\/www.vitoria-gasteiz.org\/wb021\/http\/contenidosEstaticos\/adjuntos\/es\/36\/25\/63625.pdf\" target=\"_blank\">http:\/\/www.vitoria-gasteiz.org\/wb021\/http\/contenidosEstaticos\/adjuntos\/es\/36\/25\/63625.pdf<\/a><\/p>\n<!-- AddThis Advanced Settings generic via filter on the_content --><!-- AddThis Share Buttons generic via filter on the_content -->","protected":false},"excerpt":{"rendered":"<p>Un a\u00f1o m\u00e1s, y una nueva edici\u00f3n del Encuentro C\u00edvico Alimentario de Vitoria-Gasteiz, la novena, en este a\u00f1o 2015 nombrado como A\u00f1o Internacional de los Suelos. Se desarrollar\u00e1 entre las 10:30 en el huerto del Convento de las Brigidas, y &hellip; <a href=\"http:\/\/rediles.com\/ecohuerto\/2015\/12\/17\/sabado-19-de-diciembre-de-2015-ix-encuentro-civico-alimentario-en-vitoria-gasteiz\/\">Sigue leyendo <span class=\"meta-nav\">&rarr;<\/span><\/a><!-- AddThis Advanced Settings generic via filter on get_the_excerpt --><!-- AddThis Share Buttons generic via filter on get_the_excerpt --><\/p>\n","protected":false},"author":2,"featured_media":0,"comment_status":"open","ping_status":"open","sticky":false,"template":"","format":"standard","meta":{"_bbp_topic_count":0,"_bbp_reply_count":0,"_bbp_total_topic_count":0,"_bbp_total_reply_count":0,"_bbp_voice_count":0,"_bbp_anonymous_reply_count":0,"_bbp_topic_count_hidden":0,"_bbp_reply_count_hidden":0,"_bbp_forum_subforum_count":0,"footnotes":"","_links_to":"","_links_to_target":""},"categories":[9],"tags":[],"class_list":["post-471","post","type-post","status-publish","format-standard","hentry","category-encuentros-y-congresos"],"_links":{"self":[{"href":"http:\/\/rediles.com\/ecohuerto\/wp-json\/wp\/v2\/posts\/471","targetHints":{"allow":["GET"]}}],"collection":[{"href":"http:\/\/rediles.com\/ecohuerto\/wp-json\/wp\/v2\/posts"}],"about":[{"href":"http:\/\/rediles.com\/ecohuerto\/wp-json\/wp\/v2\/types\/post"}],"author":[{"embeddable":true,"href":"http:\/\/rediles.com\/ecohuerto\/wp-json\/wp\/v2\/users\/2"}],"replies":[{"embeddable":true,"href":"http:\/\/rediles.com\/ecohuerto\/wp-json\/wp\/v2\/comments?post=471"}],"version-history":[{"count":1,"href":"http:\/\/rediles.com\/ecohuerto\/wp-json\/wp\/v2\/posts\/471\/revisions"}],"predecessor-version":[{"id":475,"href":"http:\/\/rediles.com\/ecohuerto\/wp-json\/wp\/v2\/posts\/471\/revisions\/475"}],"wp:attachment":[{"href":"http:\/\/rediles.com\/ecohuerto\/wp-json\/wp\/v2\/media?parent=471"}],"wp:term":[{"taxonomy":"category","embeddable":true,"href":"http:\/\/rediles.com\/ecohuerto\/wp-json\/wp\/v2\/categories?post=471"},{"taxonomy":"post_tag","embeddable":true,"href":"http:\/\/rediles.com\/ecohuerto\/wp-json\/wp\/v2\/tags?post=471"}],"curies":[{"name":"wp","href":"https:\/\/api.w.org\/{rel}","templated":true}]}}