{"id":473,"date":"2015-12-17T05:12:33","date_gmt":"2015-12-17T04:12:33","guid":{"rendered":"http:\/\/rediles.com\/ecohuerto\/?p=473"},"modified":"2015-12-17T05:12:33","modified_gmt":"2015-12-17T04:12:33","slug":"27-de-diciembre-de-2015-i-feria-de-soberania-alimentaria-y-artesania-profesional","status":"publish","type":"post","link":"http:\/\/rediles.com\/ecohuerto\/2015\/12\/17\/27-de-diciembre-de-2015-i-feria-de-soberania-alimentaria-y-artesania-profesional\/","title":{"rendered":"27 de diciembre de 2015 &#8211; I Feria de Soberan\u00eda Alimentaria y Artesan\u00eda Profesional"},"content":{"rendered":"<p>El pr\u00f3ximo domingo 27 de diciembre de 2015, tendr\u00e1 lugar en Miranda de Ebro la I Feria de Soberan\u00eda Alimentaria y Artesan\u00eda Profesional.<\/p>\n<p><img loading=\"lazy\" decoding=\"async\" class=\"alignnone\" title=\"I Feria de Soberan\u00eda Alimentaria y Artesan\u00eda Profesional en Miranda de Ebro\" src=\"http:\/\/www.vivemiranda.com\/wp-content\/uploads\/2015\/12\/feria.jpg\" alt=\"I Feria de Soberan\u00eda Alimentaria y Artesan\u00eda Profesional en Miranda de Ebro\" width=\"960\" height=\"452\" \/><\/p>\n<p>Se desarrollar\u00e1 en la calle de La Estaci\u00f3n entre las 11:00 y las 21:00, y paralelamente tendr\u00e1n lugar diferentes charlas y talleres.<\/p>\n<p>Las charlas tratar\u00e1n sobre:<\/p>\n<ul>\n<li>permacultura,<\/li>\n<li>calidad alimentaria, ecol\u00f3gica y variedades locales,<\/li>\n<li>apicultura,<\/li>\n<li>despensa macrobi\u00f3tica,<\/li>\n<li>terapias naturales,<\/li>\n<li>c\u00f3mo identificar alimentos ecol\u00f3gicos por su etiquetado,<\/li>\n<li>alimentaci\u00f3n ecol\u00f3gica,<\/li>\n<li>terapias naturales.<\/li>\n<\/ul>\n<p>Adem\u00e1s habr\u00e1 otras actividades sobre:<\/p>\n<ul>\n<li>artesan\u00eda,<\/li>\n<li>marbling,<\/li>\n<li>pintura,<\/li>\n<li>cristal de murano y juguetes de madera,<\/li>\n<li>productos ecol\u00f3gicos y de proximidad.<\/li>\n<\/ul>\n<!-- AddThis Advanced Settings generic via filter on the_content --><!-- AddThis Share Buttons generic via filter on the_content -->","protected":false},"excerpt":{"rendered":"<p>El pr\u00f3ximo domingo 27 de diciembre de 2015, tendr\u00e1 lugar en Miranda de Ebro la I Feria de Soberan\u00eda Alimentaria y Artesan\u00eda Profesional. Se desarrollar\u00e1 en la calle de La Estaci\u00f3n entre las 11:00 y las 21:00, y paralelamente tendr\u00e1n &hellip; <a href=\"http:\/\/rediles.com\/ecohuerto\/2015\/12\/17\/27-de-diciembre-de-2015-i-feria-de-soberania-alimentaria-y-artesania-profesional\/\">Sigue leyendo <span class=\"meta-nav\">&rarr;<\/span><\/a><!-- AddThis Advanced Settings generic via filter on get_the_excerpt --><!-- AddThis Share Buttons generic via filter on get_the_excerpt --><\/p>\n","protected":false},"author":2,"featured_media":0,"comment_status":"open","ping_status":"open","sticky":false,"template":"","format":"standard","meta":{"_bbp_topic_count":0,"_bbp_reply_count":0,"_bbp_total_topic_count":0,"_bbp_total_reply_count":0,"_bbp_voice_count":0,"_bbp_anonymous_reply_count":0,"_bbp_topic_count_hidden":0,"_bbp_reply_count_hidden":0,"_bbp_forum_subforum_count":0,"footnotes":"","_links_to":"","_links_to_target":""},"categories":[9,7,25,8],"tags":[],"class_list":["post-473","post","type-post","status-publish","format-standard","hentry","category-encuentros-y-congresos","category-ferias-y-mercados","category-noticias","category-proyecto-huerto-ecologico-espinavera"],"_links":{"self":[{"href":"http:\/\/rediles.com\/ecohuerto\/wp-json\/wp\/v2\/posts\/473","targetHints":{"allow":["GET"]}}],"collection":[{"href":"http:\/\/rediles.com\/ecohuerto\/wp-json\/wp\/v2\/posts"}],"about":[{"href":"http:\/\/rediles.com\/ecohuerto\/wp-json\/wp\/v2\/types\/post"}],"author":[{"embeddable":true,"href":"http:\/\/rediles.com\/ecohuerto\/wp-json\/wp\/v2\/users\/2"}],"replies":[{"embeddable":true,"href":"http:\/\/rediles.com\/ecohuerto\/wp-json\/wp\/v2\/comments?post=473"}],"version-history":[{"count":1,"href":"http:\/\/rediles.com\/ecohuerto\/wp-json\/wp\/v2\/posts\/473\/revisions"}],"predecessor-version":[{"id":474,"href":"http:\/\/rediles.com\/ecohuerto\/wp-json\/wp\/v2\/posts\/473\/revisions\/474"}],"wp:attachment":[{"href":"http:\/\/rediles.com\/ecohuerto\/wp-json\/wp\/v2\/media?parent=473"}],"wp:term":[{"taxonomy":"category","embeddable":true,"href":"http:\/\/rediles.com\/ecohuerto\/wp-json\/wp\/v2\/categories?post=473"},{"taxonomy":"post_tag","embeddable":true,"href":"http:\/\/rediles.com\/ecohuerto\/wp-json\/wp\/v2\/tags?post=473"}],"curies":[{"name":"wp","href":"https:\/\/api.w.org\/{rel}","templated":true}]}}