{"id":493,"date":"2016-12-01T16:24:00","date_gmt":"2016-12-01T15:24:00","guid":{"rendered":"http:\/\/rediles.com\/ecohuerto\/?p=493"},"modified":"2016-12-01T16:24:00","modified_gmt":"2016-12-01T15:24:00","slug":"curso-apicultura-ecologica-erlezaintza-ekologiko-ikastaroa","status":"publish","type":"post","link":"http:\/\/rediles.com\/ecohuerto\/2016\/12\/01\/curso-apicultura-ecologica-erlezaintza-ekologiko-ikastaroa\/","title":{"rendered":"CURSO APICULTURA ECOL\u00d3GICA \/ ERLEZAINTZA EKOLOGIKO IKASTAROA"},"content":{"rendered":"<p>Reenv\u00edo esta informaci\u00f3n sobre un interesant\u00edsimo curso de apicultura ecol\u00f3gica que se impartir\u00e1 entre el 9 de diciembre de 2016 y el 21 de enero de 2017:<\/p>\n<div class=\"gmail_quote\">\n<div dir=\"ltr\">\n<div class=\"gmail_quote\">\n<div dir=\"ltr\">\n<div>Kaixo lagunak!<\/div>\n<div><b>Bionekazaritza<\/b> eta <b>Arrastariak elkartearen<\/b> artean Delika herrian eta Esther Ibeas erlezainaren eskutik emango dugun \u00a0<b>ERLEZAINTZA EKOLOGIKO IKASTAROA<\/b>ren berri eman nahi dizuegu.<\/div>\n<div>50 orduko ikastaroa izango da. Abenduan hasi eta Urtarrilean amaitu.<\/div>\n<div>Programa, egunak eta ordutegiak atxikitutako kartelean datoz.<\/div>\n<div>IZENA EMATEKO: <a href=\"mailto:bionekazaritza@gmail.com\" target=\"_blank\">bionekazaritza@gmail.com<\/a>. \/945261047.<\/div>\n<div>Zuen interesekoa izango delakoan..<\/div>\n<div>Bionekazaritza<\/div>\n<div>__________<\/div>\n<div><\/div>\n<div>Kaixo!<\/div>\n<div>Os informamos del curso sobre <b>APICULTURA ECOL\u00d3GICA<\/b> organizado entre las asociaciones \u00a0<b>Bionekazaritza y Arrastariak<\/b> que vamos a celebrar pr\u00f3ximamente en el pueblo de Delika.<\/div>\n<div>Ser\u00e1 un curso completo de 50 horas que comenzar\u00e1 en Diciembre y terminar\u00e1 en Enero.<\/div>\n<div>El programa, horarios y fechas vienen concretadas en el cartel adjunto.<\/div>\n<div>INSCRIPCIONES: <a href=\"mailto:bionekazaritza@gmail.com\" target=\"_blank\">bionekazaritza@gmail.com<\/a> \/ 945261047<\/div>\n<div>Esperamos que sea de vuestro inter\u00e9s,<\/div>\n<div>Bionekazaritza<\/div>\n<div><\/div>\n<\/div>\n<\/div>\n<\/div>\n<\/div>\n<p><img loading=\"lazy\" decoding=\"async\" class=\"size-full wp-image-494 aligncenter\" src=\"http:\/\/rediles.com\/ecohuerto\/files\/2016\/12\/KARTELA.-APICULTURA-ECOL\u00d3GICA.jpg\" alt=\"kartela-apicultura-ecologica\" width=\"800\" height=\"600\" srcset=\"http:\/\/rediles.com\/ecohuerto\/files\/2016\/12\/KARTELA.-APICULTURA-ECOL\u00d3GICA.jpg 800w, http:\/\/rediles.com\/ecohuerto\/files\/2016\/12\/KARTELA.-APICULTURA-ECOL\u00d3GICA-300x225.jpg 300w, http:\/\/rediles.com\/ecohuerto\/files\/2016\/12\/KARTELA.-APICULTURA-ECOL\u00d3GICA-768x576.jpg 768w\" sizes=\"auto, (max-width: 800px) 100vw, 800px\" \/><\/p>\n<div class=\"gmail_signature\" data-smartmail=\"gmail_signature\"><\/div>\n<p class=\"western\" align=\"center\"><b>CURSO DE APICULTURA ECOL\u00d3GICA<\/b><\/p>\n<p class=\"western\" align=\"center\"><b>(50 HORAS aprox.)<\/b><\/p>\n<p class=\"western\" align=\"center\"><b>INDICE TEM\u00c1TICO<\/b><\/p>\n<ol>\n<li>\n<p class=\"western\" align=\"justify\"><b>Introducci\u00f3n.<\/b><\/p>\n<\/li>\n<\/ol>\n<ol>\n<ol>\n<li>\n<p class=\"western\" align=\"justify\">Un poco de historia. Importancia de la apicultura ecol\u00f3gica.<\/p>\n<\/li>\n<li>\n<p class=\"western\" align=\"justify\">Normativa aplicable: Reglamento CE 834\/2007<\/p>\n<\/li>\n<li>\n<p class=\"western\" align=\"justify\">\u00bfC\u00f3mo empezar a trabajar con las abejas?<\/p>\n<\/li>\n<\/ol>\n<\/ol>\n<ol>\n<ol start=\"3\">\n<ol>\n<li>\n<p class=\"western\" align=\"justify\">La Colmena. Tipos de colmena. Criterios de elecci\u00f3n.<\/p>\n<\/li>\n<li>\n<p class=\"western\" align=\"justify\">El Colmenar: Ubicaci\u00f3n. Instalaci\u00f3n.<\/p>\n<\/li>\n<li>\n<p class=\"western\" align=\"justify\">Las Abejas: Biolog\u00eda. Ciclos biol\u00f3gicos. Organizaci\u00f3n social.<\/p>\n<\/li>\n<li>\n<p class=\"western\" align=\"justify\">El equipo del Apicultor.<\/p>\n<\/li>\n<\/ol>\n<\/ol>\n<\/ol>\n<ol start=\"2\">\n<li>\n<p class=\"western\" align=\"justify\"><b>El Calendario anual del apicultor. <\/b><\/p>\n<\/li>\n<\/ol>\n<ol>\n<ol>\n<li>\n<p class=\"western\" align=\"justify\">Las fichas de control.<\/p>\n<\/li>\n<li>\n<p class=\"western\" align=\"justify\">La primera visita de primavera.<\/p>\n<\/li>\n<li>\n<p class=\"western\" align=\"justify\">La \u00faltima visita en oto\u00f1o.<\/p>\n<\/li>\n<li>\n<p class=\"western\" align=\"justify\">Registros y comunicaciones.<\/p>\n<\/li>\n<\/ol>\n<\/ol>\n<ol start=\"3\">\n<li>\n<p class=\"western\" align=\"justify\"><b>T\u00e9cnicas de manejo.<\/b><\/p>\n<\/li>\n<\/ol>\n<ol>\n<ol>\n<li>\n<p class=\"western\" align=\"justify\">Direcci\u00f3n de la unidad productiva.<\/p>\n<\/li>\n<li>\n<p class=\"western\" align=\"justify\">Preparaci\u00f3n de material, herramientas, etc.<\/p>\n<\/li>\n<li>\n<p class=\"western\" align=\"justify\">Evaluaci\u00f3n inicial de las colmenas.<\/p>\n<\/li>\n<li>\n<p class=\"western\" align=\"justify\">La alimentaci\u00f3n.<\/p>\n<\/li>\n<li>\n<p class=\"western\" align=\"justify\">Control del vigor de la colmena. Equilibrado.<\/p>\n<\/li>\n<li>\n<p class=\"western\" align=\"justify\">La enjambraz\u00f3n. Multiplicaci\u00f3n del colmenar. Introducci\u00f3n de reinas.<\/p>\n<\/li>\n<li>\n<p class=\"western\" align=\"justify\">Prohibiciones en el manejo.<\/p>\n<\/li>\n<li>\n<p class=\"western\" align=\"justify\">Renovaci\u00f3n de la cera.<\/p>\n<\/li>\n<\/ol>\n<\/ol>\n<ol start=\"4\">\n<li>\n<p class=\"western\" align=\"justify\"><b>Patolog\u00eda ap\u00edcola.<\/b><\/p>\n<\/li>\n<\/ol>\n<ol>\n<ol>\n<li>\n<p class=\"western\" align=\"justify\">Diagn\u00f3stico. Bacterias, virus, hongos, par\u00e1sitos. Otras causas de mortandad.<\/p>\n<\/li>\n<li>\n<p class=\"western\" align=\"justify\">Profilaxis y Tratamientos. Colmenar de aislamiento.<\/p>\n<\/li>\n<li>\n<p class=\"western\" align=\"justify\">Limpieza y desinfecci\u00f3n de materiales.<\/p>\n<\/li>\n<li>\n<p class=\"western\" align=\"justify\">Encuesta de patolog\u00eda.<\/p>\n<\/li>\n<\/ol>\n<\/ol>\n<ol start=\"5\">\n<li>\n<p class=\"western\" align=\"justify\"><b>Los productos ap\u00edcolas<\/b><\/p>\n<\/li>\n<\/ol>\n<ol>\n<ol>\n<li>\n<p class=\"western\" align=\"justify\">Flora ap\u00edcola (calendario y zonas geogr\u00e1ficas).<\/p>\n<\/li>\n<li>\n<p class=\"western\" align=\"justify\">La miel: tipos, composici\u00f3n, caracter\u00edsticas. La cristalizaci\u00f3n. Adulteraciones.<\/p>\n<\/li>\n<li>\n<p class=\"western\" align=\"justify\">Caracter\u00edsticas y propiedades del polen, el prop\u00f3leo, la jalea real.<\/p>\n<\/li>\n<li>\n<p class=\"western\" align=\"justify\">Otros productos de la colmena y rendimientos de la apicultura.<\/p>\n<\/li>\n<\/ol>\n<\/ol>\n<ol start=\"6\">\n<li>\n<p class=\"western\" align=\"justify\"><b>Recolecci\u00f3n de productos ap\u00edcolas y procesos de elaboraci\u00f3n.<\/b><\/p>\n<\/li>\n<\/ol>\n<ol>\n<ol>\n<li>\n<p class=\"western\" align=\"justify\">Cata de miel. Equipo de recolecci\u00f3n. T\u00e9cnicas de cata. Cosecha y provisiones.<\/p>\n<\/li>\n<li>\n<p class=\"western\" align=\"justify\">Local y equipos de extracci\u00f3n de la miel. Dimensionado. T\u00e9cnicas de extracci\u00f3n.<\/p>\n<\/li>\n<li>\n<p class=\"western\" align=\"justify\">El Polen: Recolecci\u00f3n, conservaci\u00f3n, envasado y etiquetado. Secadero solar.<\/p>\n<\/li>\n<li>\n<p class=\"western\" align=\"justify\">La Cera: M\u00e9todos de extracci\u00f3n y recuperaci\u00f3n. Cerificador solar. Estampado.<\/p>\n<\/li>\n<li>\n<p class=\"western\" align=\"justify\">La Jalea Real: recolecci\u00f3n, conservaci\u00f3n, envasado y etiquetado.<\/p>\n<\/li>\n<li>\n<p class=\"western\" align=\"justify\">El prop\u00f3leo: recolecci\u00f3n y conservaci\u00f3n.<\/p>\n<\/li>\n<li>\n<p class=\"western\" align=\"justify\">El veneno de abeja: recolecci\u00f3n.<\/p>\n<\/li>\n<li>\n<p class=\"western\" align=\"justify\">Trazabilidad, APPCC, normativas. Registros.<\/p>\n<\/li>\n<li>\n<p class=\"western\" align=\"justify\">Limpieza y desinfecci\u00f3n de maquinaria, local, herramientas.<\/p>\n<\/li>\n<\/ol>\n<\/ol>\n<ol start=\"7\">\n<li>\n<p class=\"western\" align=\"justify\"><b>Mercado ecol\u00f3gico.<\/b><\/p>\n<\/li>\n<\/ol>\n<p class=\"western\" align=\"justify\">7.1 Ventajas y dificultades.<\/p>\n<p class=\"western\" align=\"justify\">7.2 Situaci\u00f3n del mercado nacional e internacional.<\/p>\n<p class=\"western\" align=\"justify\">7.3 Perfil del consumidor ecol\u00f3gico.<\/p>\n<ol start=\"8\">\n<li>\n<p class=\"western\" align=\"justify\"><b>Consideraciones finales<\/b><\/p>\n<\/li>\n<\/ol>\n<p class=\"western\" align=\"justify\">8.1 Beneficios medioambientales, sociales y de salud p\u00fablica.<\/p>\n<p class=\"western\" align=\"justify\">8.2 Responsabilidad del apicultor.<\/p>\n<p>&nbsp;<\/p>\n<p>&nbsp;<\/p>\n<div class=\"gmail_quote\">\n<div dir=\"ltr\"><span class=\"HOEnZb\"><span style=\"color: #888888;\"><span class=\"m_6429723115364712925HOEnZb\">&#8212;\u00a0<\/span><\/span><\/span><\/div>\n<\/div>\n<div class=\"m_6429723115364712925gmail_signature\" data-smartmail=\"gmail_signature\">\n<div dir=\"ltr\">\n<div>\n<div dir=\"ltr\">\n<div>\n<div dir=\"ltr\">\n<div>\n<div dir=\"ltr\">\n<div><span style=\"color: #6aa84f;\">\u00a0<\/span><\/div>\n<div><strong><em><span style=\"color: #6aa84f;\">\u00a0<\/span><span style=\"color: #38761d;\">\u00abBakarka azkarrago mugitzen gara, baina elkarlanean \u00a0urrutiago iristen gara\u00bb<\/span><\/em><\/strong><span style=\"color: #663366; font-family: trebuchet ms,sans-serif;\"><b><br \/>\n<\/b><\/span><\/div>\n<div><strong><em><span style=\"color: #38761d;\">\u00a0<\/span><\/em><\/strong><\/div>\n<div><span style=\"color: #663366; font-family: trebuchet ms,sans-serif;\"><b>Bionekazaritza<\/b><\/span><\/div>\n<div><span style=\"color: #663366; font-family: trebuchet ms,sans-serif;\"><b>Arabako Nekazaritza Ekologikoaren aldeko Elkartea<\/b><\/span><\/div>\n<div><span style=\"color: #663366; font-family: trebuchet ms,sans-serif;\"><b>945 261047<\/b><\/span><\/div>\n<div><span style=\"color: #663366; font-family: trebuchet ms,sans-serif;\"><b><a href=\"http:\/\/www.bionekazaritza.net\" target=\"_blank\">www.bionekazaritza.net<\/a><\/b><\/span><\/div>\n<div><a href=\"http:\/\/www.bionekazaritza.net\" target=\"_blank\"><img loading=\"lazy\" decoding=\"async\" src=\"https:\/\/docs.google.com\/uc?export=download&amp;id=0Bzr9O7zqZvRBb1lSZ0xoUTY0Qk0&amp;revid=0Bzr9O7zqZvRBVzMxSDRBTXRCTUpxUWkvVDdsaDBQK3A3aUVZPQ\" width=\"96\" height=\"82\" \/><\/a><\/div>\n<\/div>\n<\/div>\n<\/div>\n<\/div>\n<\/div>\n<\/div>\n<\/div>\n<\/div>\n<p>&nbsp;<\/p>\n<!-- AddThis Advanced Settings generic via filter on the_content --><!-- AddThis Share Buttons generic via filter on the_content -->","protected":false},"excerpt":{"rendered":"<p>Reenv\u00edo esta informaci\u00f3n sobre un interesant\u00edsimo curso de apicultura ecol\u00f3gica que se impartir\u00e1 entre el 9 de diciembre de 2016 y el 21 de enero de 2017: Kaixo lagunak! Bionekazaritza eta Arrastariak elkartearen artean Delika herrian eta Esther Ibeas erlezainaren &hellip; <a href=\"http:\/\/rediles.com\/ecohuerto\/2016\/12\/01\/curso-apicultura-ecologica-erlezaintza-ekologiko-ikastaroa\/\">Sigue leyendo <span class=\"meta-nav\">&rarr;<\/span><\/a><!-- AddThis Advanced Settings generic via filter on get_the_excerpt --><!-- AddThis Share Buttons generic via filter on get_the_excerpt --><\/p>\n","protected":false},"author":2,"featured_media":0,"comment_status":"open","ping_status":"open","sticky":false,"template":"","format":"standard","meta":{"_bbp_topic_count":0,"_bbp_reply_count":0,"_bbp_total_topic_count":0,"_bbp_total_reply_count":0,"_bbp_voice_count":0,"_bbp_anonymous_reply_count":0,"_bbp_topic_count_hidden":0,"_bbp_reply_count_hidden":0,"_bbp_forum_subforum_count":0,"footnotes":"","_links_to":"","_links_to_target":""},"categories":[1],"tags":[],"class_list":["post-493","post","type-post","status-publish","format-standard","hentry","category-sin-categoria"],"_links":{"self":[{"href":"http:\/\/rediles.com\/ecohuerto\/wp-json\/wp\/v2\/posts\/493","targetHints":{"allow":["GET"]}}],"collection":[{"href":"http:\/\/rediles.com\/ecohuerto\/wp-json\/wp\/v2\/posts"}],"about":[{"href":"http:\/\/rediles.com\/ecohuerto\/wp-json\/wp\/v2\/types\/post"}],"author":[{"embeddable":true,"href":"http:\/\/rediles.com\/ecohuerto\/wp-json\/wp\/v2\/users\/2"}],"replies":[{"embeddable":true,"href":"http:\/\/rediles.com\/ecohuerto\/wp-json\/wp\/v2\/comments?post=493"}],"version-history":[{"count":1,"href":"http:\/\/rediles.com\/ecohuerto\/wp-json\/wp\/v2\/posts\/493\/revisions"}],"predecessor-version":[{"id":495,"href":"http:\/\/rediles.com\/ecohuerto\/wp-json\/wp\/v2\/posts\/493\/revisions\/495"}],"wp:attachment":[{"href":"http:\/\/rediles.com\/ecohuerto\/wp-json\/wp\/v2\/media?parent=493"}],"wp:term":[{"taxonomy":"category","embeddable":true,"href":"http:\/\/rediles.com\/ecohuerto\/wp-json\/wp\/v2\/categories?post=493"},{"taxonomy":"post_tag","embeddable":true,"href":"http:\/\/rediles.com\/ecohuerto\/wp-json\/wp\/v2\/tags?post=493"}],"curies":[{"name":"wp","href":"https:\/\/api.w.org\/{rel}","templated":true}]}}