{"id":496,"date":"2017-03-29T03:51:36","date_gmt":"2017-03-29T01:51:36","guid":{"rendered":"http:\/\/rediles.com\/ecohuerto\/?p=496"},"modified":"2017-03-29T03:51:36","modified_gmt":"2017-03-29T01:51:36","slug":"29-de-marzo-de-2017-miercoles-por-la-soberania-alimentaria-en-bioalai","status":"publish","type":"post","link":"http:\/\/rediles.com\/ecohuerto\/2017\/03\/29\/29-de-marzo-de-2017-miercoles-por-la-soberania-alimentaria-en-bioalai\/","title":{"rendered":"29 de marzo de 2017 &#8211; Mi\u00e9rcoles por la soberan\u00eda alimentaria en Bioalai"},"content":{"rendered":"<p>Este mi\u00e9rcoles, 29 de marzo de 2017, a las 18h, videoforum en Bioalai, Calle Txalaparta, 23 de Vitoria-Gasteiz.<\/p>\n<p><img loading=\"lazy\" decoding=\"async\" class=\"alignnone size-full\" src=\"http:\/\/consumoresponsable.info\/wp-content\/uploads\/2017\/03\/miercolesid.jpg\" width=\"842\" height=\"1191\" \/><\/p>\n<p>All\u00ed nos vemos<\/p>\n<!-- AddThis Advanced Settings generic via filter on the_content --><!-- AddThis Share Buttons generic via filter on the_content -->","protected":false},"excerpt":{"rendered":"<p>Este mi\u00e9rcoles, 29 de marzo de 2017, a las 18h, videoforum en Bioalai, Calle Txalaparta, 23 de Vitoria-Gasteiz. All\u00ed nos vemos<!-- AddThis Advanced Settings generic via filter on get_the_excerpt --><!-- AddThis Share Buttons generic via filter on get_the_excerpt --><\/p>\n","protected":false},"author":2,"featured_media":0,"comment_status":"open","ping_status":"open","sticky":false,"template":"","format":"standard","meta":{"_bbp_topic_count":0,"_bbp_reply_count":0,"_bbp_total_topic_count":0,"_bbp_total_reply_count":0,"_bbp_voice_count":0,"_bbp_anonymous_reply_count":0,"_bbp_topic_count_hidden":0,"_bbp_reply_count_hidden":0,"_bbp_forum_subforum_count":0,"footnotes":"","_links_to":"","_links_to_target":""},"categories":[9,25],"tags":[],"class_list":["post-496","post","type-post","status-publish","format-standard","hentry","category-encuentros-y-congresos","category-noticias"],"_links":{"self":[{"href":"http:\/\/rediles.com\/ecohuerto\/wp-json\/wp\/v2\/posts\/496","targetHints":{"allow":["GET"]}}],"collection":[{"href":"http:\/\/rediles.com\/ecohuerto\/wp-json\/wp\/v2\/posts"}],"about":[{"href":"http:\/\/rediles.com\/ecohuerto\/wp-json\/wp\/v2\/types\/post"}],"author":[{"embeddable":true,"href":"http:\/\/rediles.com\/ecohuerto\/wp-json\/wp\/v2\/users\/2"}],"replies":[{"embeddable":true,"href":"http:\/\/rediles.com\/ecohuerto\/wp-json\/wp\/v2\/comments?post=496"}],"version-history":[{"count":1,"href":"http:\/\/rediles.com\/ecohuerto\/wp-json\/wp\/v2\/posts\/496\/revisions"}],"predecessor-version":[{"id":497,"href":"http:\/\/rediles.com\/ecohuerto\/wp-json\/wp\/v2\/posts\/496\/revisions\/497"}],"wp:attachment":[{"href":"http:\/\/rediles.com\/ecohuerto\/wp-json\/wp\/v2\/media?parent=496"}],"wp:term":[{"taxonomy":"category","embeddable":true,"href":"http:\/\/rediles.com\/ecohuerto\/wp-json\/wp\/v2\/categories?post=496"},{"taxonomy":"post_tag","embeddable":true,"href":"http:\/\/rediles.com\/ecohuerto\/wp-json\/wp\/v2\/tags?post=496"}],"curies":[{"name":"wp","href":"https:\/\/api.w.org\/{rel}","templated":true}]}}