{"id":66,"date":"2010-06-28T15:03:04","date_gmt":"2010-06-28T13:03:04","guid":{"rendered":"http:\/\/rediles.com\/ecohuerto\/?p=66"},"modified":"2010-07-01T03:07:18","modified_gmt":"2010-07-01T01:07:18","slug":"alimentos-ecologicos-en-las-guarderias","status":"publish","type":"post","link":"http:\/\/rediles.com\/ecohuerto\/2010\/06\/28\/alimentos-ecologicos-en-las-guarderias\/","title":{"rendered":"Alimentos ecol\u00f3gicos en las guarder\u00edas"},"content":{"rendered":"<p>Acabo de o\u00edr una noticia, que a m\u00ed me parece buena:<\/p>\n<p>En los comedores de las guarder\u00edas municipales de Vitoria se va a comenzar a servir solamente alimentos ecol\u00f3gicos.<br \/>\nEn un principio han comenzado solamente cuatro guarder\u00edas, pero se espera que se vaya ampliando a todas las dem\u00e1s en poco tiempo.<\/p>\n<div style=\"width: 410px\" class=\"wp-caption alignright\"><img loading=\"lazy\" decoding=\"async\" class=\"  \" src=\"http:\/\/www.ecofield.com.ar\/images-blog\/IMAGES\/Cartel%20promocional%20de%20la%20campa%C3%B1a%20del%20Ministerio%20de%20Medio%20Ambiente%20a%20favor%20de%20los%20productos%20ecol%C3%B3gicos.jpg\" alt=\"Queremos alimentos ecol\u00f3gicos en las guarder\u00edas - ecohuerto - ReDiles\" width=\"400\" height=\"285\" \/><p class=\"wp-caption-text\">Queremos alimentos ecol\u00f3gicos en las guarder\u00edas<\/p><\/div>\n<p>Los alimentos suministrados ser\u00e1n tanto verduras y frutas, como galletas, yogures, etc. De momento, los \u00fanicos alimentos que se sirven no ecol\u00f3gicos son la carne y el pescado.<\/p>\n<p>A\u00fan queda mucho por hacer, pero hay que comenzar dando peque\u00f1os pasos como \u00e9ste. El que los grandes productores comiencen a cultivar productos ecol\u00f3gicos, depende en gran medida de que haya un mercado que les vaya a comprar el producto. No obstante, creo que lo ideal ser\u00eda un mercado en el que no hubiera grandes productores, sino solo peque\u00f1os.<\/p>\n<!-- AddThis Advanced Settings generic via filter on the_content --><!-- AddThis Share Buttons generic via filter on the_content -->","protected":false},"excerpt":{"rendered":"<p>Acabo de o\u00edr una noticia, que a m\u00ed me parece buena: En los comedores de las guarder\u00edas municipales de Vitoria se va a comenzar a servir solamente alimentos ecol\u00f3gicos. En un principio han comenzado solamente cuatro guarder\u00edas, pero se espera &hellip; <a href=\"http:\/\/rediles.com\/ecohuerto\/2010\/06\/28\/alimentos-ecologicos-en-las-guarderias\/\">Sigue leyendo <span class=\"meta-nav\">&rarr;<\/span><\/a><!-- AddThis Advanced Settings generic via filter on get_the_excerpt --><!-- AddThis Share Buttons generic via filter on get_the_excerpt --><\/p>\n","protected":false},"author":2,"featured_media":0,"comment_status":"open","ping_status":"open","sticky":false,"template":"","format":"standard","meta":{"_bbp_topic_count":0,"_bbp_reply_count":0,"_bbp_total_topic_count":0,"_bbp_total_reply_count":0,"_bbp_voice_count":0,"_bbp_anonymous_reply_count":0,"_bbp_topic_count_hidden":0,"_bbp_reply_count_hidden":0,"_bbp_forum_subforum_count":0,"footnotes":"","_links_to":"","_links_to_target":""},"categories":[1],"tags":[],"class_list":["post-66","post","type-post","status-publish","format-standard","hentry","category-sin-categoria"],"_links":{"self":[{"href":"http:\/\/rediles.com\/ecohuerto\/wp-json\/wp\/v2\/posts\/66","targetHints":{"allow":["GET"]}}],"collection":[{"href":"http:\/\/rediles.com\/ecohuerto\/wp-json\/wp\/v2\/posts"}],"about":[{"href":"http:\/\/rediles.com\/ecohuerto\/wp-json\/wp\/v2\/types\/post"}],"author":[{"embeddable":true,"href":"http:\/\/rediles.com\/ecohuerto\/wp-json\/wp\/v2\/users\/2"}],"replies":[{"embeddable":true,"href":"http:\/\/rediles.com\/ecohuerto\/wp-json\/wp\/v2\/comments?post=66"}],"version-history":[{"count":5,"href":"http:\/\/rediles.com\/ecohuerto\/wp-json\/wp\/v2\/posts\/66\/revisions"}],"predecessor-version":[{"id":85,"href":"http:\/\/rediles.com\/ecohuerto\/wp-json\/wp\/v2\/posts\/66\/revisions\/85"}],"wp:attachment":[{"href":"http:\/\/rediles.com\/ecohuerto\/wp-json\/wp\/v2\/media?parent=66"}],"wp:term":[{"taxonomy":"category","embeddable":true,"href":"http:\/\/rediles.com\/ecohuerto\/wp-json\/wp\/v2\/categories?post=66"},{"taxonomy":"post_tag","embeddable":true,"href":"http:\/\/rediles.com\/ecohuerto\/wp-json\/wp\/v2\/tags?post=66"}],"curies":[{"name":"wp","href":"https:\/\/api.w.org\/{rel}","templated":true}]}}