{"id":75,"date":"2010-07-01T02:31:48","date_gmt":"2010-07-01T00:31:48","guid":{"rendered":"http:\/\/rediles.com\/ecohuerto\/?p=75"},"modified":"2010-10-05T22:11:46","modified_gmt":"2010-10-05T20:11:46","slug":"defensores-de-la-biodiversidad","status":"publish","type":"post","link":"http:\/\/rediles.com\/ecohuerto\/2010\/07\/01\/defensores-de-la-biodiversidad\/","title":{"rendered":"Defensores de la biodiversidad"},"content":{"rendered":"<p>Hace unos d\u00edas, encontr\u00e9 un art\u00edculo sorprendente sobre c\u00f3mo personal voluntario de protecci\u00f3n civil de Yecla mataban a unas serpientes argumentando una historia que parec\u00eda salida de un fumadero.<\/p>\n<p style=\"text-align: center\">Lo que m\u00e1s me sorprendi\u00f3 no fue que unas personas ignorantes hubieran matado a unas pobres serpientes indefensas, por su propia ignorancia y cultura de matar a todo lo que se mueva (especialmente si va reptando), sino que un coordinador de protecci\u00f3n civil ignorante les d\u00e9 la raz\u00f3n, que una Concejal\u00eda de Medio Ambiente ignorante vaya a consultar a los servicios municipales veterinarios c\u00f3mo terminar con el problema (o con las problem\u00e1ticas serpientes), que una \u00abperiodista\u00bb ignorante escriba un art\u00edculo en el que solamente da el punto de vista de los ignorantes sin contrastarlo para nada con personas conocedoras del tema, que un peri\u00f3dico que se hace llamar \u00abla verdad\u00bb, ignorante tambi\u00e9n, publique dicho art\u00edculo en el que los agresores aparecen como h\u00e9roes, y que en ning\u00fan momento se hable de denunciar a los agresores ni a sus superiores por el delito que han cometido.<\/p>\n<div style=\"width: 310px\" class=\"wp-caption aligncenter\"><img loading=\"lazy\" decoding=\"async\" src=\"http:\/\/www.laverdad.es\/murcia\/prensa\/noticias\/201006\/22\/fotos\/4030409.jpg\" alt=\"Prueba del delito. Los criminales con sus v\u00edctimas\" width=\"300\" height=\"195\" \/><p class=\"wp-caption-text\">Increible: Miembros de Protecci\u00f3n Civil muestran las tres serpientes que mataron en el paraje del Pulpillo. :: C. ORT\u00cdN<\/p><\/div>\n<p>Pocos d\u00edas despu\u00e9s vuelvo a leer, y me consuela el ver, en el listado de comentarios (ver lo m\u00e1s valorado), la respuesta que ha tenido la noticia (m\u00e1s de 100 mensajes), y que a\u00fan queda gente sensata en \u00e9ste pa\u00eds de pandereta.<\/p>\n<p><em>TEXTO ORIGINAL:<\/em><\/p>\n<h3>\n<div>YECLA<\/div>\n<\/h3>\n<h1>\u00abTuvimos que matar a las culebras porque mostraron mucha agresividad\u00bb<\/h1>\n<h2>\n<div>Agentes de Protecci\u00f3n Civil cuentan c\u00f3mo se vieron sorprendidos por dos serpientes \u00abque nos atacaron y hasta nos persiguieron\u00bb<\/div>\n<\/h2>\n<div>\n<p>22.06.10 &#8211; 02:50 &#8211;<\/p>\n<div>CARMEN ORT\u00cdN |<\/div>\n<\/div>\n<div>\n<div>Dos voluntarios de Protecci\u00f3n Civil de Yecla se llevaron un susto de muerte en la tarde del pasado viernes cuando, de repente, se vieron sorprendidos por dos serpientes \u00abde grandes dimensiones\u00bb. El &#8216;ataque&#8217; se produjo en la garita de observaci\u00f3n para la prevenci\u00f3n de incendios forestales que hay en el paraje del Pulpillo, a unos 13 kil\u00f3metros del casco urbano, cerca del Monte Arab\u00ed por la carretera de Montealegre.<\/div>\n<div>Los voluntarios se encontraban en las tareas de vigilancia del entorno, dentro del Plan Infomur, cuando aparecieron dos serpientes, de un metro y medio de longitud y de unos 10 cent\u00edmetros de grosor. \u00abUna de las serpientes se elev\u00f3 y se encar\u00f3 a uno de ellos, poni\u00e9ndose casi a su altura. En ese momento empez\u00f3 a escupirle e incluso empez\u00f3 a darle &#8216;coletazos&#8217; y a perseguirlo\u00bb, explica el coordinador de Protecci\u00f3n Civil, Pedro Ortiz.<\/div>\n<div>Seg\u00fan pudieron comprobar estos voluntarios, al parecer la zona se encuentra \u00abplagada\u00bb de serpientes, que est\u00e1n escondidas entre la gran cantidad de maleza y matorrales que hay en el entorno y que han proliferado por las lluvias que se han registrado en los \u00faltimos meses. El responsable de Protecci\u00f3n Civil dice que \u00abtuvieron que matar las culebras, -y a otra m\u00e1s que apareci\u00f3 por all\u00ed- por la agresividad que mostraron y por el temor de que su mordedura pudiera ser venenosa y lo peor, a\u00f1ade, es que siguen saliendo m\u00e1s\u00bb.<\/div>\n<div>La presencia de estos reptiles ha hecho que acudan de forma habitual las \u00e1guilas culebreras que anidan en los parajes del lugar, que est\u00e1n haciendo buen acopio de ellas. Pedro Ortiz dice que \u00abes un espect\u00e1culo ver c\u00f3mo acuden estas aves rapaces buscando las serpientes y llev\u00e1ndoselas\u00bb. De momento, se desconoce a qu\u00e9 especie de serpientes pertenecen y si pueden ser venenosas. Desde la Concejal\u00eda de Medio Ambiente se ha puesto este hecho en conocimiento de los servicios municipales veterinarios, para que inspeccionen la zona y as\u00ed adoptar una decisi\u00f3n al respecto.<\/div>\n<\/div>\n<div>###########################################<\/div>\n<div>Algunos de los comentarios m\u00e1s votados:<\/div>\n<div>\n<h4>Acojonado me quedo<\/h4>\n<h4>Me parece incre\u00edble, y me da miedo, que para proteger el medio ambiente se contrate a semejantes zotes, y que no se les ense\u00f1e algo sobre lo que es la naturaleza, y c\u00f3mo protegerla en vez de destruirla. Tambi\u00e9n da miedo el ver c\u00f3mo un medio de informaci\u00f3n contrata a semejante \u00bfperiodista? para escribir art\u00edculos en los que no hace m\u00e1s que seguir el juego a los zotes, sin aportar nada. Sin dar otros puntos de vista. Haciendo que parezcan h\u00e9roes, y que su acto es una heroicidad a imitar, cuando deber\u00eda haber denunciado que a semejantes patanes, capaces de cometer semejante delito por pura ignorancia, se les d\u00e9 un trabajo para el que no est\u00e1n preparados (al igual que no est\u00e1 preparada la \u00abperiodista\u00bb para hacer el suyo). Por otra parte, hay que ser un poco cortito para ver que lo de 10cm de grosor no es cierto. En la foto se aprecia claramente que a lo sumo tienen 3 o 4 cm. Y lo de los ataques, no se lo podr\u00eda creer nadie que sepa lo m\u00e1s m\u00ednimo sobre serpientes. El se\u00f1or Pedro Ortiz me parece el t\u00edpico ejemplo de que el que vale vale, y al que no le ponen de jefe (aunque en \u00e9ste caso se podr\u00eda decir que han puesto de jefe al m\u00e1s zote de todos los zotes, porque encima les da la raz\u00f3n y se pone para la foto). Con gente as\u00ed, acojona el pensar en el futuro que nos espera.<\/h4>\n<h4>\u00c1lvaro<\/h4>\n<h4>Lo que resulta realmente sorprendente no es que Carmen Ort\u00edn haya escrito este art\u00edculo, lo incre\u00edble es que el director de este peri\u00f3dico haya permitido que haya salido a la luz, precisamante este a\u00f1o en el que se juntan hechos como el que es el a\u00f1o internacional de la biodiversidad biol\u00f3gica, que es el 30 aniversario del fallecimiento de F\u00e9lix Rodr\u00edguez de la Fuente. Me invade la tristeza ante tanta ignorancia y si yo fuera accionista de \u00abla verdad.es\u00bb convocar\u00eda una junta para tomar medidas.<\/h4>\n<h4>M\u00aa Carmen Mart\u00ednez<\/h4>\n<h4>\u00bfCu\u00e1ntos casos de ataques de serpientes venenosas hemos sufrido en los montes de Murcia?. Para salir al campo lo primero es conocer donde nos estamos moviendo y con que nos podemos encontrar. Esta gente \u00bfes que no conoce la zona? Por otro lado nos muestran el aumento de serpientes y la aparicion del aguila culebrera como algo inc\u00f3modo, \u00bfque malo es que auemnte el n\u00famero de especies de fauna y flora por haber llovido?. No entiendo nada. Por un lado luchando por la conservaci\u00f3n de nuestro medio y por otro tenemos que aguantar este tipo de noticias y que nos hagan pensar en los pobrecitos guardias civiles que se encontraron en gran peligro. \u00bfOs habeis fijado bien en el tama\u00f1o de las serpientes? Es increible<\/h4>\n<h4>Jacobo Quero<\/h4>\n<h4>Esta noticia tiene todas las papeletas para que las personas que posan y declaran haber matado a varios ejemplares de especies protegidas, reciban varias denuncias por delitos contra el medio ambiente. Es la noticia m\u00e1s rid\u00edcula, absurda y subrealista que leo en mucho tiempo. El peri\u00f3dico se ha lucido contrastando la veracidad de la noticia&#8230; consultando a cualquier herpet\u00f3logo podr\u00e1n saber que la historia de ciencia ficci\u00f3n que cuentan los agentes de protecci\u00f3n civil es completamente falsa.<\/h4>\n<h4>Fernando de Toro<\/h4>\n<h4>Lo que se deduce de esta informaci\u00f3n es que estos se\u00f1ores de protecci\u00f3n civil, saben muy poco de la fauna ib\u00e9rica, pues la \u00fanica serpiente venenosa que nos podemos encontar es la vibora ocicuda (Vipera latasti), en el centro y sur de la pen\u00ednsula Vibora aspis (Vipera aspis) en el cuadrante nor oriental y Vibora de Seoane (Vipera seoane) en el cuadrante nor occidental. Todas ellas son de peque\u00f1o tama\u00f1o, se desplazan lentamente y jam\u00e1s se le ocurrir\u00e1 atacar a una persona. Las que aparecen en la foto y por el tama\u00f1o que tienen deben ser Culebras bastardas (Malpolon monspessulanus) que en absoluto son venenosas, est\u00e1n protegidas por la ley y si dicen que atacaron seguramente lo hicieron en defensa propia por que si no lo normal es que pongan tierra de por medio cuando se encuentran con el hombre. Son animales sumamente beneficiosos por la cantidad de roedores que destruyen y por tanto debemos protegerlos y no asesinarlos por que nos parecen repugnantes.<\/h4>\n<h4>ISRAEL M. S\u00c1NCHEZ<\/h4>\n<h4>Es vergonzoso. El hecho en s\u00ed, y c\u00f3mo se presenta la noticia, llena de falsedades, ignorancia y superstici\u00f3n. Son animales protegidos por la Ley espa\u00f1ola, totalmente inofensivos para el ser humano. Verg\u00fcenza de pa\u00eds cavern\u00edcola. Fdo: Dr. Israel M. S\u00e1nchez, Museo Nacional de Ciencias Naturales, Madrid<\/h4>\n<p>ETC, ETC&#8230;<\/p>\n<\/div>\n<div><em>Enlace a la penosa noticia original: http:\/\/www.laverdad.es\/murcia\/v\/20100622\/comarcas\/tuvimos-matar-culebras-porque-20100622.html<\/em><\/div>\n<!-- AddThis Advanced Settings generic via filter on the_content --><!-- AddThis Share Buttons generic via filter on the_content -->","protected":false},"excerpt":{"rendered":"<p>Hace unos d\u00edas, encontr\u00e9 un art\u00edculo sorprendente sobre c\u00f3mo personal voluntario de protecci\u00f3n civil de Yecla mataban a unas serpientes argumentando una historia que parec\u00eda salida de un fumadero. Lo que m\u00e1s me sorprendi\u00f3 no fue que unas personas ignorantes &hellip; <a href=\"http:\/\/rediles.com\/ecohuerto\/2010\/07\/01\/defensores-de-la-biodiversidad\/\">Sigue leyendo <span class=\"meta-nav\">&rarr;<\/span><\/a><!-- AddThis Advanced Settings generic via filter on get_the_excerpt --><!-- AddThis Share Buttons generic via filter on get_the_excerpt --><\/p>\n","protected":false},"author":2,"featured_media":0,"comment_status":"open","ping_status":"open","sticky":false,"template":"","format":"standard","meta":{"_bbp_topic_count":0,"_bbp_reply_count":0,"_bbp_total_topic_count":0,"_bbp_total_reply_count":0,"_bbp_voice_count":0,"_bbp_anonymous_reply_count":0,"_bbp_topic_count_hidden":0,"_bbp_reply_count_hidden":0,"_bbp_forum_subforum_count":0,"footnotes":"","_links_to":"","_links_to_target":""},"categories":[1],"tags":[],"class_list":["post-75","post","type-post","status-publish","format-standard","hentry","category-sin-categoria"],"_links":{"self":[{"href":"http:\/\/rediles.com\/ecohuerto\/wp-json\/wp\/v2\/posts\/75","targetHints":{"allow":["GET"]}}],"collection":[{"href":"http:\/\/rediles.com\/ecohuerto\/wp-json\/wp\/v2\/posts"}],"about":[{"href":"http:\/\/rediles.com\/ecohuerto\/wp-json\/wp\/v2\/types\/post"}],"author":[{"embeddable":true,"href":"http:\/\/rediles.com\/ecohuerto\/wp-json\/wp\/v2\/users\/2"}],"replies":[{"embeddable":true,"href":"http:\/\/rediles.com\/ecohuerto\/wp-json\/wp\/v2\/comments?post=75"}],"version-history":[{"count":12,"href":"http:\/\/rediles.com\/ecohuerto\/wp-json\/wp\/v2\/posts\/75\/revisions"}],"predecessor-version":[{"id":77,"href":"http:\/\/rediles.com\/ecohuerto\/wp-json\/wp\/v2\/posts\/75\/revisions\/77"}],"wp:attachment":[{"href":"http:\/\/rediles.com\/ecohuerto\/wp-json\/wp\/v2\/media?parent=75"}],"wp:term":[{"taxonomy":"category","embeddable":true,"href":"http:\/\/rediles.com\/ecohuerto\/wp-json\/wp\/v2\/categories?post=75"},{"taxonomy":"post_tag","embeddable":true,"href":"http:\/\/rediles.com\/ecohuerto\/wp-json\/wp\/v2\/tags?post=75"}],"curies":[{"name":"wp","href":"https:\/\/api.w.org\/{rel}","templated":true}]}}