{"id":289,"date":"2013-02-25T20:39:03","date_gmt":"2013-02-25T20:39:03","guid":{"rendered":"http:\/\/rediles.com\/fracking\/?p=289"},"modified":"2013-12-31T11:53:19","modified_gmt":"2013-12-31T11:53:19","slug":"concentracion-frente-al-parlamento-vasco-para-exigir-que-se-acepte-a-tramite-la-iniciativa-legislativa-popular-ilp-contra-el-fracking","status":"publish","type":"post","link":"http:\/\/rediles.com\/fracking\/2013\/02\/25\/concentracion-frente-al-parlamento-vasco-para-exigir-que-se-acepte-a-tramite-la-iniciativa-legislativa-popular-ilp-contra-el-fracking\/","title":{"rendered":"<!--:es-->Concentraci\u00f3n frente al Parlamento Vasco para exigir que se acepte a tr\u00e1mite la Iniciativa Legislativa Popular (ILP) contra el fracking<!--:-->"},"content":{"rendered":"<p><!--:es-->El pasado 21 de febrero de 2013, tuvo lugar una concentraci\u00f3n \u00abteatralizada\u00bb frente al Parlamento Vasco, exigiendo la aceptaci\u00f3n a tr\u00e1mite de la Iniciativa Legislativa Popular (ILP) contra el fracking, que d\u00edas antes se hab\u00eda rechazado por los votos en contra de PNV (2 votos), PP (1 voto) y PSE (1 voto). Solamente Bildu (1 voto) vot\u00f3 a favor de tramitar la mencionada ILP.<br \/>\nAnte la presi\u00f3n popular, PSE anunci\u00f3 el cambio de su postura, aunque PNV y PP segu\u00edan teniendo mayor\u00eda, motivo por el cual se convoc\u00f3 la siguiente concentraci\u00f3n que, a pesar del d\u00eda, la hora, y la celeridad de su preparaci\u00f3n, tuvo muy buena \u00abtaquilla\u00bb:<\/p>\n<p><iframe loading=\"lazy\" title=\"Fracking EZ, ILPA BAI\" width=\"584\" height=\"329\" src=\"https:\/\/www.youtube.com\/embed\/CsxE3Irj0E0?feature=oembed\" frameborder=\"0\" allow=\"accelerometer; autoplay; clipboard-write; encrypted-media; gyroscope; picture-in-picture; web-share\" referrerpolicy=\"strict-origin-when-cross-origin\" allowfullscreen><\/iframe><\/p>\n<p>Mi m\u00e1s sincera enhorabuena a los actores por su gran \u00e9xito.<!--:--><\/p>\n","protected":false},"excerpt":{"rendered":"<p>El pasado 21 de febrero de 2013, tuvo lugar una concentraci\u00f3n \u00abteatralizada\u00bb frente al Parlamento Vasco, exigiendo la aceptaci\u00f3n a tr\u00e1mite de la Iniciativa Legislativa Popular (ILP) contra el fracking, que d\u00edas antes se hab\u00eda rechazado por los votos en &hellip; <a href=\"http:\/\/rediles.com\/fracking\/2013\/02\/25\/concentracion-frente-al-parlamento-vasco-para-exigir-que-se-acepte-a-tramite-la-iniciativa-legislativa-popular-ilp-contra-el-fracking\/\">Sigue leyendo <span class=\"meta-nav\">&rarr;<\/span><\/a><\/p>\n","protected":false},"author":1850,"featured_media":0,"comment_status":"open","ping_status":"open","sticky":false,"template":"","format":"standard","meta":{"_bbp_topic_count":0,"_bbp_reply_count":0,"_bbp_total_topic_count":0,"_bbp_total_reply_count":0,"_bbp_voice_count":0,"_bbp_anonymous_reply_count":0,"_bbp_topic_count_hidden":0,"_bbp_reply_count_hidden":0,"_bbp_forum_subforum_count":0,"footnotes":"","_links_to":"","_links_to_target":""},"categories":[1],"tags":[],"class_list":["post-289","post","type-post","status-publish","format-standard","hentry","category-sin-categoria"],"_links":{"self":[{"href":"http:\/\/rediles.com\/fracking\/wp-json\/wp\/v2\/posts\/289","targetHints":{"allow":["GET"]}}],"collection":[{"href":"http:\/\/rediles.com\/fracking\/wp-json\/wp\/v2\/posts"}],"about":[{"href":"http:\/\/rediles.com\/fracking\/wp-json\/wp\/v2\/types\/post"}],"author":[{"embeddable":true,"href":"http:\/\/rediles.com\/fracking\/wp-json\/wp\/v2\/users\/1850"}],"replies":[{"embeddable":true,"href":"http:\/\/rediles.com\/fracking\/wp-json\/wp\/v2\/comments?post=289"}],"version-history":[{"count":3,"href":"http:\/\/rediles.com\/fracking\/wp-json\/wp\/v2\/posts\/289\/revisions"}],"predecessor-version":[{"id":358,"href":"http:\/\/rediles.com\/fracking\/wp-json\/wp\/v2\/posts\/289\/revisions\/358"}],"wp:attachment":[{"href":"http:\/\/rediles.com\/fracking\/wp-json\/wp\/v2\/media?parent=289"}],"wp:term":[{"taxonomy":"category","embeddable":true,"href":"http:\/\/rediles.com\/fracking\/wp-json\/wp\/v2\/categories?post=289"},{"taxonomy":"post_tag","embeddable":true,"href":"http:\/\/rediles.com\/fracking\/wp-json\/wp\/v2\/tags?post=289"}],"curies":[{"name":"wp","href":"https:\/\/api.w.org\/{rel}","templated":true}]}}