{"id":317,"date":"2013-04-29T19:49:27","date_gmt":"2013-04-29T19:49:27","guid":{"rendered":"http:\/\/rediles.com\/fracking\/?p=317"},"modified":"2013-12-31T11:54:09","modified_gmt":"2013-12-31T11:54:09","slug":"vitoria-gasteiz-8-al-11-de-mayo-de-2013-jornadas-sobre-energia","status":"publish","type":"post","link":"http:\/\/rediles.com\/fracking\/2013\/04\/29\/vitoria-gasteiz-8-al-11-de-mayo-de-2013-jornadas-sobre-energia\/","title":{"rendered":"<!--:es-->Vitoria-Gasteiz &#8211; 8 al 11 de mayo de 2013 &#8211; Jornadas sobre Energ\u00eda<!--:--><!--:eu-->Vitoria-Gasteiz &#8211; maiatzaren 8tik 11ra &#8211; Energia Jardunaldiak<!--:--><!--:en-->Vitoria-Gasteiz &#8211; 8 to 11 May 2013 &#8211; Conference on Energy<!--:-->"},"content":{"rendered":"<p><!--:es-->Os queremos animar a participar en las jornadas que tendr\u00e1n lugar del 8 al 11 de mayo en Gasteiz. El objetivo de estas jornadas es representar la importancia que la energ\u00eda tiene en nuestras vidas. El sistema energ\u00e9tico actual \u00fanicamente genera contaminaci\u00f3n, guerras y dependencia. Eso s\u00ed, mientras unos pocos acumulan dinero y poder. La producci\u00f3n de petr\u00f3leo ha tocado techo y se ha convertido en uno de las m\u00e1s importantes motivos de esta crisis. Por todo esto, el cambio de sistema es fundamental.<\/p>\n<p>El 11 de mayo por la tarde, despu\u00e9s de la comida ecol\u00f3gica preparada por Bionekazaritza y Cocina de Guerrilla llegar\u00e1 el momento de darle forma a todo lo o\u00eddo y discutido hasta entonces. El momento de analizar las estrategias y la manera de coordinarnos para cambiar el injusto modelo actual. La comida vale 9 euros. Los tickets estan a la venta en el Zapateneo, Erdizka y Halabedi.<\/p>\n<p>Para finalizar fiesta energ\u00e9tica en el Gaztetxe. \u00a1\u00a1\u00a1Animate y participa!!!<\/p>\n<ul>\n<li>8 y 10 de mayo: en el Centro C\u00edvico Aldabe charlas y debate (18 \u2013 21:30).<\/li>\n<li>9 de mayo: Facultad de Letras charlas y debate (18 \u2013 21:30).<\/li>\n<li>8, 9, y 10 de mayo: en el front\u00f3n Auzolana ciclo documental (21:45).<\/li>\n<li>11 de mayo: en el Centro C\u00edvico Aldabe charlas y debate (10 \u2013 14).<\/li>\n<li>11 de mayo: en el front\u00f3n Auzolana comida popular (14:30).<\/li>\n<li>11 de mayo: en el front\u00f3n Auzolana asamblea energ\u00e9tica (17 \u2013 19).<\/li>\n<li>11 de mayo: Arramazka y Moy Lolou en el Gaztetxe (21:00).<\/li>\n<\/ul>\n<p><a href=\"http:\/\/jornadasenergiagasteiz.wordpress.com\/\">http:\/\/jornadasenergiagasteiz.wordpress.com\/<\/a><\/p>\n<p><img loading=\"lazy\" decoding=\"async\" class=\"alignnone\" alt=\"\" src=\"http:\/\/jornadasenergiagasteiz.files.wordpress.com\/2013\/04\/cartel-jornadas-mayo-qr-berria-web-codogo-qr-grande2.png\" width=\"842\" height=\"1191\" \/><!--:--><!--:eu--><\/p>\n<header>\n<h1>Energia Jardunaldiak \u2013 Jornadas sobre Energ\u00eda<\/h1>\n<p>29\/04\/2013 por Fracking ez Araba<\/p>\n<\/header>\n<div><\/div>\n<p>Maiatzaren 8tik 11ra Gasteizen burutuko diren jardunaldietara joateko deia luzatu nahi dizuegu. Jardunaldi hauen helburua gure bizitzan energiak duen garrantzia eta sistemak energiaren bitartez sortzen duen menpekotasuna irudikatzea da. Gainera gaur egungo eredu energetikoak gerrak, suntsiketak eta kutsadura besterik ez du sortzen. Hori bai, gutxi batzuk dirua eta boterea biltzen duten bitartean. Erregai fosilen produkzioak muga jo du eta krisi honen arrazoi nagusientako bat bihurtu da. Horrexegatik, behar beharrezkoa da ereduz aldatzea.<\/p>\n<p>Maiatzaren 11n, arratsaldean, bazkari ekologikoa Bionekazaritza eta Cocina de Guerrillaren eskutik daztatu eta gero aurreko egunetan jaso eta eztabaidatu ditugun ideiei forma emateko momentua iritsiko da. Gaur egungo ereduari buelta emateko estrategiak aztertzeko eta gure arteko koordinazioa antolatzeko balio izan behar du. Bazkariak 9 euro balio du. Ticketak Zapateneon, Erdizkan eta Halabedin salgai daude.<\/p>\n<p>Amaitzeko Gaztetxean jaia energetikoa egongo da. Animatu eta parte hartu!!!<\/p>\n<ul>\n<li>Maiatzak 8 eta 10: Aldabe gizartetxean hitzaldiak + eztabaida (18 \u2013 21:30).<\/li>\n<li>Maiatzak 9: EHUn Letren Fakultatean hitzaldiak + eztabaida (18 \u2013 21:30).<\/li>\n<li>Maiatzak 8, 9 eta 10: Auzolana pilotalekuan dokumental emanaldia (21:45).<\/li>\n<li>Maiatzak 11: Aldabe gizartetxea hitzaldiak + eztabaida (10 \u2013 14).<\/li>\n<li>Maiatzak 11: Auzolana pilotalekuan bazkari herrikoia (14:30).<\/li>\n<li>Maiatzak 11: Auzolana pilotalekuan asanblada energetikoa (17 \u2013 19).<\/li>\n<li>Maiatzak 11: Arramazka + Moy Lolou gaztetxean (21:00).<\/li>\n<\/ul>\n<p><a href=\"http:\/\/jornadasenergiagasteiz.wordpress.com\/\">http:\/\/jornadasenergiagasteiz.wordpress.com\/<\/a><\/p>\n<p><img loading=\"lazy\" decoding=\"async\" class=\"alignnone\" alt=\"\" src=\"http:\/\/jornadasenergiagasteiz.files.wordpress.com\/2013\/04\/cartel-jornadas-mayo-qr-berria-web-codogo-qr-grande2.png\" width=\"842\" height=\"1191\" \/><!--:--><!--:en-->I want to encourage to participate in the conference to be held from 8 to 11 May in Gasteiz. The aim of this conference is to represent the importance that energy plays in our lives. The current energy system only generates pollution, wars and dependence. Yes, while a few accumulate money and power. Oil production has peaked and has become one of the most important reasons for this crisis. For all this, the system change is essential.<\/p>\n<p>The May 11 evening, after organic food prepared by cooking Guerrilla Bionekazaritza and it&#8217;s time to shape all heard and discussed before. The time to analyze the strategies and coordinate how to change the current model unjust. The food is worth 9 euros. Tickets are on sale at the Zapateneo, Erdizka and Halabedi.<\/p>\n<p>To end the Gaztetxe energy party.Animate and participate!<\/p>\n<ul>\n<li>8 and May 10: at the Civic Center Aldabe lectures and discussion (18 &#8211; 21:30).<\/li>\n<li>May 9: Faculty of Arts lectures and discussion (18 &#8211; 21:30).<\/li>\n<li>8, 9, and May 10: on the pediment auzolana documentary cycle (21:45).<\/li>\n<li>May 11: Civic Center Aldabe lectures and discussion (10-14).<\/li>\n<li>May 11: In the popular food auzolana-fronton (14:30).<\/li>\n<li>May 11: In the auzolana-fronton energy assembly (17-19).<\/li>\n<li>May 11: Arramazka and Moy Lolou in Gaztetxe (21:00).<\/li>\n<\/ul>\n<p><a href=\"http:\/\/jornadasenergiagasteiz.wordpress.com\/\">http:\/\/jornadasenergiagasteiz.wordpress.com\/<\/a><\/p>\n<p><img loading=\"lazy\" decoding=\"async\" class=\"alignnone\" alt=\"\" src=\"http:\/\/jornadasenergiagasteiz.files.wordpress.com\/2013\/04\/cartel-jornadas-mayo-qr-berria-web-codogo-qr-grande2.png\" width=\"842\" height=\"1191\" \/><!--:--><\/p>\n","protected":false},"excerpt":{"rendered":"<p>Os queremos animar a participar en las jornadas que tendr\u00e1n lugar del 8 al 11 de mayo en Gasteiz. El objetivo de estas jornadas es representar la importancia que la energ\u00eda tiene en nuestras vidas. El sistema energ\u00e9tico actual \u00fanicamente &hellip; <a href=\"http:\/\/rediles.com\/fracking\/2013\/04\/29\/vitoria-gasteiz-8-al-11-de-mayo-de-2013-jornadas-sobre-energia\/\">Sigue leyendo <span class=\"meta-nav\">&rarr;<\/span><\/a><\/p>\n","protected":false},"author":1850,"featured_media":0,"comment_status":"open","ping_status":"open","sticky":false,"template":"","format":"standard","meta":{"_bbp_topic_count":0,"_bbp_reply_count":0,"_bbp_total_topic_count":0,"_bbp_total_reply_count":0,"_bbp_voice_count":0,"_bbp_anonymous_reply_count":0,"_bbp_topic_count_hidden":0,"_bbp_reply_count_hidden":0,"_bbp_forum_subforum_count":0,"footnotes":"","_links_to":"","_links_to_target":""},"categories":[1],"tags":[],"class_list":["post-317","post","type-post","status-publish","format-standard","hentry","category-sin-categoria"],"_links":{"self":[{"href":"http:\/\/rediles.com\/fracking\/wp-json\/wp\/v2\/posts\/317","targetHints":{"allow":["GET"]}}],"collection":[{"href":"http:\/\/rediles.com\/fracking\/wp-json\/wp\/v2\/posts"}],"about":[{"href":"http:\/\/rediles.com\/fracking\/wp-json\/wp\/v2\/types\/post"}],"author":[{"embeddable":true,"href":"http:\/\/rediles.com\/fracking\/wp-json\/wp\/v2\/users\/1850"}],"replies":[{"embeddable":true,"href":"http:\/\/rediles.com\/fracking\/wp-json\/wp\/v2\/comments?post=317"}],"version-history":[{"count":2,"href":"http:\/\/rediles.com\/fracking\/wp-json\/wp\/v2\/posts\/317\/revisions"}],"predecessor-version":[{"id":363,"href":"http:\/\/rediles.com\/fracking\/wp-json\/wp\/v2\/posts\/317\/revisions\/363"}],"wp:attachment":[{"href":"http:\/\/rediles.com\/fracking\/wp-json\/wp\/v2\/media?parent=317"}],"wp:term":[{"taxonomy":"category","embeddable":true,"href":"http:\/\/rediles.com\/fracking\/wp-json\/wp\/v2\/categories?post=317"},{"taxonomy":"post_tag","embeddable":true,"href":"http:\/\/rediles.com\/fracking\/wp-json\/wp\/v2\/tags?post=317"}],"curies":[{"name":"wp","href":"https:\/\/api.w.org\/{rel}","templated":true}]}}