{"id":336,"date":"2013-08-08T11:09:42","date_gmt":"2013-08-08T11:09:42","guid":{"rendered":"http:\/\/rediles.com\/fracking\/?p=336"},"modified":"2013-12-31T11:51:42","modified_gmt":"2013-12-31T11:51:42","slug":"quieren-privatizar-el-sol-en-espana-no-es-una-broma","status":"publish","type":"post","link":"http:\/\/rediles.com\/fracking\/2013\/08\/08\/quieren-privatizar-el-sol-en-espana-no-es-una-broma\/","title":{"rendered":"<!--:es-->Quieren privatizar el sol en Espa\u00f1a &#8211; No es una broma<!--:-->"},"content":{"rendered":"<p><!--:es-->https:\/\/www.youtube.com\/watch?v=lTd_3eGw7cs<\/p>\n<p>Hay una <a title=\"El sol es de todos - no a la privatizaci\u00f3n\" href=\"https:\/\/secure.avaaz.org\/en\/petition\/EL_SOL_ES_DE_TODOS_PAREMOS_A_LAS_GRANDES_ELECTRICAS_Y_AL_GOBIERNO_ESPANOL\" target=\"_blank\">petici\u00f3n en avaaz<\/a> contra este decreto de ley, aunque creo que habr\u00e1 que hacer cosas m\u00e1s contundentes para parar a esta banda de mafiosos.<!--:--><\/p>\n","protected":false},"excerpt":{"rendered":"<p>https:\/\/www.youtube.com\/watch?v=lTd_3eGw7cs Hay una petici\u00f3n en avaaz contra este decreto de ley, aunque creo que habr\u00e1 que hacer cosas m\u00e1s contundentes para parar a esta banda de mafiosos.<\/p>\n","protected":false},"author":1850,"featured_media":0,"comment_status":"open","ping_status":"open","sticky":false,"template":"","format":"standard","meta":{"_bbp_topic_count":0,"_bbp_reply_count":0,"_bbp_total_topic_count":0,"_bbp_total_reply_count":0,"_bbp_voice_count":0,"_bbp_anonymous_reply_count":0,"_bbp_topic_count_hidden":0,"_bbp_reply_count_hidden":0,"_bbp_forum_subforum_count":0,"footnotes":"","_links_to":"","_links_to_target":""},"categories":[1],"tags":[],"class_list":["post-336","post","type-post","status-publish","format-standard","hentry","category-sin-categoria"],"_links":{"self":[{"href":"http:\/\/rediles.com\/fracking\/wp-json\/wp\/v2\/posts\/336","targetHints":{"allow":["GET"]}}],"collection":[{"href":"http:\/\/rediles.com\/fracking\/wp-json\/wp\/v2\/posts"}],"about":[{"href":"http:\/\/rediles.com\/fracking\/wp-json\/wp\/v2\/types\/post"}],"author":[{"embeddable":true,"href":"http:\/\/rediles.com\/fracking\/wp-json\/wp\/v2\/users\/1850"}],"replies":[{"embeddable":true,"href":"http:\/\/rediles.com\/fracking\/wp-json\/wp\/v2\/comments?post=336"}],"version-history":[{"count":1,"href":"http:\/\/rediles.com\/fracking\/wp-json\/wp\/v2\/posts\/336\/revisions"}],"predecessor-version":[{"id":337,"href":"http:\/\/rediles.com\/fracking\/wp-json\/wp\/v2\/posts\/336\/revisions\/337"}],"wp:attachment":[{"href":"http:\/\/rediles.com\/fracking\/wp-json\/wp\/v2\/media?parent=336"}],"wp:term":[{"taxonomy":"category","embeddable":true,"href":"http:\/\/rediles.com\/fracking\/wp-json\/wp\/v2\/categories?post=336"},{"taxonomy":"post_tag","embeddable":true,"href":"http:\/\/rediles.com\/fracking\/wp-json\/wp\/v2\/tags?post=336"}],"curies":[{"name":"wp","href":"https:\/\/api.w.org\/{rel}","templated":true}]}}