{"id":1093,"date":"2012-03-01T09:26:23","date_gmt":"2012-03-01T09:26:23","guid":{"rendered":"http:\/\/rediles.com\/gasteizentransicion\/?p=1093"},"modified":"2012-03-01T09:26:23","modified_gmt":"2012-03-01T09:26:23","slug":"charla-fukushima-garona","status":"publish","type":"post","link":"http:\/\/rediles.com\/gasteizentransicion\/2012\/03\/01\/charla-fukushima-garona\/","title":{"rendered":"Charla Fukushima-Garo\u00f1a"},"content":{"rendered":"<p>Presentaci\u00f3n del libro \u00abLa alternativa nuclear despu\u00e9s de Fukushima\u00bb, por su autor Jos\u00e9 Allende Landa, y a continuaci\u00f3n la charla \u00abGaro\u00f1a: de la pol\u00edtica energ\u00e9tica a la esquizofr\u00e9nia pol\u00edtica\u00bb, por Alberto Fr\u00edas.<\/p>\n<p>D\u00f3nde: Sala Luis de Ajuria &#8211; C\/General \u00c1lava, 7 de Vitoria-Gasteiz<\/p>\n<p>Cu\u00e1ndo: Jueves 1 de marzo de 2012 &#8211; a las 19:30<\/p>\n<div style=\"width: 594px\" class=\"wp-caption alignnone\"><img loading=\"lazy\" decoding=\"async\" src=\"http:\/\/rediles.files.wordpress.com\/2012\/03\/fukishima-garoc3b1a.png?w=584&amp;h=768\" alt=\"Charla Fukushima-Garo\u00f1a\" width=\"584\" height=\"768\" \/><p class=\"wp-caption-text\">Charla Fukushima-Garo\u00f1a<\/p><\/div>\n","protected":false},"excerpt":{"rendered":"<p>Presentaci\u00f3n del libro \u00abLa alternativa nuclear despu\u00e9s de Fukushima\u00bb, por su autor Jos\u00e9 Allende Landa, y a continuaci\u00f3n la charla \u00abGaro\u00f1a: de la pol\u00edtica energ\u00e9tica a la esquizofr\u00e9nia pol\u00edtica\u00bb, por Alberto Fr\u00edas. D\u00f3nde: Sala Luis de Ajuria &#8211; C\/General \u00c1lava, &hellip; <a href=\"http:\/\/rediles.com\/gasteizentransicion\/2012\/03\/01\/charla-fukushima-garona\/\">Sigue leyendo <span class=\"meta-nav\">&rarr;<\/span><\/a><\/p>\n","protected":false},"author":2,"featured_media":0,"comment_status":"open","ping_status":"open","sticky":false,"template":"","format":"standard","meta":{"_bbp_topic_count":0,"_bbp_reply_count":0,"_bbp_total_topic_count":0,"_bbp_total_reply_count":0,"_bbp_voice_count":0,"_bbp_anonymous_reply_count":0,"_bbp_topic_count_hidden":0,"_bbp_reply_count_hidden":0,"_bbp_forum_subforum_count":0,"footnotes":"","_links_to":"","_links_to_target":""},"categories":[13,35],"tags":[],"class_list":["post-1093","post","type-post","status-publish","format-standard","hentry","category-convocatorias","category-energia"],"_links":{"self":[{"href":"http:\/\/rediles.com\/gasteizentransicion\/wp-json\/wp\/v2\/posts\/1093","targetHints":{"allow":["GET"]}}],"collection":[{"href":"http:\/\/rediles.com\/gasteizentransicion\/wp-json\/wp\/v2\/posts"}],"about":[{"href":"http:\/\/rediles.com\/gasteizentransicion\/wp-json\/wp\/v2\/types\/post"}],"author":[{"embeddable":true,"href":"http:\/\/rediles.com\/gasteizentransicion\/wp-json\/wp\/v2\/users\/2"}],"replies":[{"embeddable":true,"href":"http:\/\/rediles.com\/gasteizentransicion\/wp-json\/wp\/v2\/comments?post=1093"}],"version-history":[{"count":1,"href":"http:\/\/rediles.com\/gasteizentransicion\/wp-json\/wp\/v2\/posts\/1093\/revisions"}],"predecessor-version":[{"id":1094,"href":"http:\/\/rediles.com\/gasteizentransicion\/wp-json\/wp\/v2\/posts\/1093\/revisions\/1094"}],"wp:attachment":[{"href":"http:\/\/rediles.com\/gasteizentransicion\/wp-json\/wp\/v2\/media?parent=1093"}],"wp:term":[{"taxonomy":"category","embeddable":true,"href":"http:\/\/rediles.com\/gasteizentransicion\/wp-json\/wp\/v2\/categories?post=1093"},{"taxonomy":"post_tag","embeddable":true,"href":"http:\/\/rediles.com\/gasteizentransicion\/wp-json\/wp\/v2\/tags?post=1093"}],"curies":[{"name":"wp","href":"https:\/\/api.w.org\/{rel}","templated":true}]}}