{"id":763,"date":"2010-07-25T09:01:23","date_gmt":"2010-07-25T09:01:23","guid":{"rendered":"http:\/\/gasteizentransicion.wordpress.com\/?p=76"},"modified":"2010-07-25T09:01:23","modified_gmt":"2010-07-25T09:01:23","slug":"zurine-en-suelta-la-olla-de-hala-bedi","status":"publish","type":"post","link":"http:\/\/rediles.com\/gasteizentransicion\/2010\/07\/25\/zurine-en-suelta-la-olla-de-hala-bedi\/","title":{"rendered":"Zuri\u00f1e en \u00abSuelta la Olla\u00bb de Hala Bedi"},"content":{"rendered":"<p>Entrevista en el programa de Hala Bedi \u00abSuelta la Olla\u00bb donde Zuri\u00f1e explica en que consisten los conceptos de Decrecimiento y Ciudades en Transici\u00f3n.<\/p>\n<p>Presentaci\u00f3n del Cine-Forum<\/p>\n\n<p><a href=\"http:\/\/www.ivoox.com\/zurine-hala-bedi-sobre-decrecimiento-ciudades-audios-mp3_rf_333232_1.html\">Zuri\u00f1e en \u00abSuelta la Olla\u00bb de Hala Bedi<\/a><\/p>\n","protected":false},"excerpt":{"rendered":"<p>Entrevista en el programa de Hala Bedi \u00abSuelta la Olla\u00bb donde Zuri\u00f1e explica en que consisten los conceptos de Decrecimiento y Ciudades en Transici\u00f3n. Presentaci\u00f3n del Cine-Forum Zuri\u00f1e en \u00abSuelta la Olla\u00bb de Hala Bedi<\/p>\n","protected":false},"author":477,"featured_media":0,"comment_status":"open","ping_status":"open","sticky":false,"template":"","format":"standard","meta":{"_bbp_topic_count":0,"_bbp_reply_count":0,"_bbp_total_topic_count":0,"_bbp_total_reply_count":0,"_bbp_voice_count":0,"_bbp_anonymous_reply_count":0,"_bbp_topic_count_hidden":0,"_bbp_reply_count_hidden":0,"_bbp_forum_subforum_count":0,"footnotes":"","_links_to":"","_links_to_target":""},"categories":[14],"tags":[24,69],"class_list":["post-763","post","type-post","status-publish","format-standard","hentry","category-audio","tag-decrecimiento","tag-transicion"],"_links":{"self":[{"href":"http:\/\/rediles.com\/gasteizentransicion\/wp-json\/wp\/v2\/posts\/763","targetHints":{"allow":["GET"]}}],"collection":[{"href":"http:\/\/rediles.com\/gasteizentransicion\/wp-json\/wp\/v2\/posts"}],"about":[{"href":"http:\/\/rediles.com\/gasteizentransicion\/wp-json\/wp\/v2\/types\/post"}],"author":[{"embeddable":true,"href":"http:\/\/rediles.com\/gasteizentransicion\/wp-json\/wp\/v2\/users\/477"}],"replies":[{"embeddable":true,"href":"http:\/\/rediles.com\/gasteizentransicion\/wp-json\/wp\/v2\/comments?post=763"}],"version-history":[{"count":0,"href":"http:\/\/rediles.com\/gasteizentransicion\/wp-json\/wp\/v2\/posts\/763\/revisions"}],"wp:attachment":[{"href":"http:\/\/rediles.com\/gasteizentransicion\/wp-json\/wp\/v2\/media?parent=763"}],"wp:term":[{"taxonomy":"category","embeddable":true,"href":"http:\/\/rediles.com\/gasteizentransicion\/wp-json\/wp\/v2\/categories?post=763"},{"taxonomy":"post_tag","embeddable":true,"href":"http:\/\/rediles.com\/gasteizentransicion\/wp-json\/wp\/v2\/tags?post=763"}],"curies":[{"name":"wp","href":"https:\/\/api.w.org\/{rel}","templated":true}]}}