{"id":931,"date":"2011-12-06T16:32:48","date_gmt":"2011-12-06T16:32:48","guid":{"rendered":"http:\/\/rediles.com\/gasteizentransicion\/?p=931"},"modified":"2011-12-07T18:30:58","modified_gmt":"2011-12-07T18:30:58","slug":"cuentos-en-transicion","status":"publish","type":"post","link":"http:\/\/rediles.com\/gasteizentransicion\/2011\/12\/06\/cuentos-en-transicion\/","title":{"rendered":"Cuentos en Transici\u00f3n"},"content":{"rendered":"<p><strong>GRUPO 1, EL PEREGRINO<\/strong><\/p>\n<p>Habi\u00e9ndose cumplido el primer cuarto de siglo del segundo milenio, un peregrino de lejanas Tierras norte\u00f1as se acerca a Gasteiz.<\/p>\n<p>Llega atra\u00eddo por las noticias que la describen como una ciudad muy especial, no tarda en comprobarlo, paseando por sus calles encuentra c\u00edrculos de gente que comparten momentos de j\u00fabilo y esparcimiento.<\/p>\n<p>Hace un d\u00eda soleado y ronda la hora de comer, por lo que entra en una tienda de barrio que resulta ser un obrador, compra algo para comer y sale a la calle en busca de un banco soleado donde sentarse, comprueba que los arboles de la ciudad son frutales, se alegra pensando que tendr\u00e1 un postre fresco y auto-recolectado.<\/p>\n<p>Le sorprende tambi\u00e9n ver la cantidad de huertos que hay diseminados por la ciudad, encuentra una gran avenida, Avenida Gasteiz, llena de estos peque\u00f1os huertos.<\/p>\n<p>Tambi\u00e9n de bicis aparcadas en largas bater\u00edas, son p\u00fablicas y a disposici\u00f3n de cualquiera, por lo que coge una y avanza sin direcci\u00f3n, por lo que<!--more--> parece en trazado de un antiguo tranv\u00eda, sigue el carril bici hasta un bonito pantano. En el tambi\u00e9n hay infinidad de zonas de cultivo, encuentra a muchas personas que est\u00e1n charlando sobre ecolog\u00eda, permacultura,..<\/p>\n<p>Pasa toda la tarde viendo a esas gentes, observado como se autoabastecen y parecen disfrutar de sus charlas y encuentros con otras personas.<\/p>\n<p>De vuelta a Vitoria es adelantado por una Vitoriana, entablan conversaci\u00f3n y resulta ser una joven muy maja que le invita a cenar en su casa, esta vive en un bloque de viviendas promovido por una cooperativa de vivienda de cesi\u00f3n de uso.<\/p>\n<p>En la planta baja hay lavadoras a compartir, una sala com\u00fan donde pasar el tiempo de ocio en compa\u00f1\u00eda, cocina colectiva&#8230;<\/p>\n<p>Le gusta tanto la ciudad que decide instalarse, no le cuesta encontrar trabajo en una tienda\/cooperativa de productos ecol\u00f3gicos que funciona por medio del trueque, los productos que tienen son b\u00e1sicos y locales, no responden a una imagen o marca.<\/p>\n<p>En el local de al lado se encuentra un frecuentado Ateneo, donde se da una construcci\u00f3n del conocimiento de forma colectiva, como inmigrante Islandes le piden que explique la experiencia pionera de Isl\u00e1ndia, por ser la propulsora inicial del cambio constitucional que se vive en la actualidad.<\/p>\n<p>Lo que m\u00e1s le gusta de Vitoria son sus gentes, los ni\u00f1os parecen muy felices, ya que aqu\u00ed se les educa en el ser y no en el tener y aunque no tienen play station parecen divertirse mucho jugando en la calle.<\/p>\n<p><strong>GRUPO 2<\/strong><\/p>\n<p>El personaje de nuestra historia acudi\u00f3 a la hemeroteca en busca de informaci\u00f3n sobre la Vitoria de hace 14 a\u00f1os, all\u00e1 por el 2011.<\/p>\n<p>Necesitaba documentaci\u00f3n para un trabajo, deb\u00eda evaluar los grandes cambios que se hab\u00edan dado en la ciudad. Por las fotos vio que las fachadas eran las mismas, y que aunque por fuera no hab\u00edan cambiado, por dentro distaban mucho de el uso que se les daba en la actualidad.<\/p>\n<p>Hoy en d\u00eda los bloques son comunitarios, donde viven otras unidades familiares con gente que mantienen espacios privados pero que comparten otros muchos.<\/p>\n<p>La hemeroteca cerro pronto, ya que solo se trabajan 3h al d\u00eda, as\u00ed que al igual que l\u00e6s trabajadoras, nuestro personaje aprovecha a ir a casa para hacer labores dom\u00e9sticas.<\/p>\n<p>Una vez terminada la faena acude a su turno comunitario con las personas del barrio, hay turnos de huerta, ense\u00f1ar euskera, cocinar en el comedor comunitario&#8230; aunque nuestro personaje prefiere servir porque a\u00fan no sabe cocinar&#8230;Por poco tiempo, se ha apuntado a un curso de cocina de guerrilla y eso le dar\u00e1 mucha autonom\u00eda.<\/p>\n<p>En Gasteiz no solo se ha conseguido la soberan\u00eda Alimentaria con el anillo marr\u00f3n, estamos a punto de conseguir la energ\u00e9tica, con una eficiente gesti\u00f3n de los recursos, tratado de residuos; aguas grises, negras&#8230;<\/p>\n<p>Por esta \u00e9poca ha salido el primer grupo de <a href=\"mailto:chaval@s\">chaval@s<\/a> educados con par\u00e1metros diferentes, en una educaci\u00f3n basada en el ser, construida con el espacio p\u00fablico y socializado.<\/p>\n<p>Despu\u00e9s de comer baja para dar una vuelta por el parque urbano donde ve al Muti, est\u00e1 aparcando la bici, comprueba que lo hace en uno de los muchos aparcamientos que han puesto en Vitoria, ser\u00e1 por eso que las tuber\u00edas est\u00e1n libres de bicis!<\/p>\n<p>A pesar de ser 24 de diciembre no se ve decoraci\u00f3n navide\u00f1a, ni siquiera el corte ingles, que de hecho cerr\u00f3 hace unos a\u00f1os por falta de clientela.<\/p>\n<p>Parece que el trabajo no preocupa, ya que se ha convertido en algo optativo, y existen otras opciones como la renta b\u00e1sica, se ha reducido mucho el trabajo productivo ya que los bienes materiales se suelen compartir y sociabilidar, por eso la mayor parte del trabajo es servicio a la sociedad.<\/p>\n<p>Saca las llaves de lo que parece un monedero, ser\u00e1 que como ya no hay monedas le ha buscado otro uso, pero antes de entrar en casa recuerda que tiene que pasar por el mercado del trueque, aunque costo ponerlo en marcha, ahora tiene fama de estar muy bien organizado y concurrido!<\/p>\n<p>Ya de vuelta a casa para en la asamblea de barrio, hoy tienen que elegir los presupuestos del barrio, entre ellos se habla claro, del centro de salud, parece que cada vez va menos gente ya que se tiene m\u00e1s cuidado en prevenir las enfermedades, y de ser necesario paliarlas pero con m\u00e9todos alternativos, como fisioterap\u00e9utas, psic\u00f3log@s, reiki&#8230; que son p\u00fablicas o autorrealizadas.<\/p>\n<p><strong>GRUPO 3<\/strong><\/p>\n<p>Esta ma\u00f1ana me he levantado con el sonido de los p\u00e1jaros en mi ventana, me asomo para ver los huertos y espacios verdes que rodean mi casa, \u00a1y eso qUe vivo en el centro de Gasteiz! Tambi\u00e9n veo que ya han abierto las tiendas y mercados, la mayor\u00eda de los productos que venden son locales, de temporada y ecol\u00f3gicos.<\/p>\n<p>Decidido, cuando pase por el puesto de Aitor, el agricultor que me abastece de los productos que yo no puedo producir, le preguntar\u00e9 que tal el a\u00f1o.<\/p>\n<p>Me visto r\u00e1pido y cojo la cesta para recoger en ella la compra, Aitor me agradece la pregunta y me dice que este a\u00f1o les est\u00e1 yendo mucho mejor, me alegro de que les valla bien, el a\u00f1o pasado tuvimos que hacer una colecta para ayudarles, pero este a\u00f1o lo ha compensado con una buena cosecha!<\/p>\n<p>Me pregunta por las 8 bolsas que llevo en la mano (he aprovechado a bajar los residuos org\u00e1nicos) y me aconseja que los lleve al espacio de compostaje colectivo, es casi m\u00e1gico pensar que se convertir\u00e1n en nutrientes para la madre tierra!<\/p>\n<p>Me despido y sigo mi camino, entro en un edificio, me quito los zapatos y me cruzo con una persona que me abraza y me agradece que haya ido hoy a trabajar, es\u00a0mi jefa, bueno en realidad no es mi jefa, es la actual presidente de la cooperativa integral de trabajadores en el \u00e1mbito art\u00edstico.<\/p>\n<p>Tras unas horas de trabajo vuelvo a la calle, cojo la bici y voy a la huerta cooperativa para cosechar los ingredientes de la comida popular del centro c\u00edvico del barrio que tenemos esta tarde.<\/p>\n<p>El captador de hidr\u00f3geno activa la bomba para extraer el agua del pozo.<\/p>\n<p>Paso la tarde en la comida, ha venido mucha gente pero todo ha estado muy organizado, y los grupos de tareas se han coordinado muy bien.<\/p>\n<p>Antes de acostarme me gusta pasar un rato en el espacio vecinal para esparcimiento comunitario, donde hemos colocado unas bicis que generan la energ\u00eda que necesitamos, me gusta charlar con mis vecinas sobre la vida de la comunidad de estos d\u00edas.<\/p>\n<p>Gertrudis baja un porr\u00f3n de vino de su tierra, le encanta comentarnos como le va a su hija desde que decidi\u00f3 vivir su experiencia fuera de casa.<\/p>\n<p>Es agradable saber que nos alegramos por lo que nos ocurre aunque halla cierta distancia entre nosotras.<\/p>\n<p>Subo a casa y pongo la televisi\u00f3n hologr\u00e1fica, el presentador del telediario se materializa en mi sal\u00f3n y me informa de todas las cosas buenas que est\u00e1n pasando por el mundo, el viejo canal de las cosas malas hace ya meses que lo quitaron, y he de reconocer que duermo mucho mejor!<\/p>\n<p>Recuerdo que ma\u00f1ana eh quedado con mi madre para acompa\u00f1arla al centro de salud para el tratamiento ayurb\u00e9dico contra la artritis, afortunadamente es gratuito a trav\u00e9s de la sanidad p\u00fablica de osakidetza.<\/p>\n<p>Me re\u00fano un momento con mis compa\u00f1eros de casa para informarnos de como nos ha ido el d\u00eda, hoy nos toca din\u00e1mica com\u00fan, y tras un masaje colectivo me acuesto.<\/p>\n<p>&nbsp;<\/p>\n<p><em><a href=\"mailto:AUTOR@S\">AUTOR@S<\/a>; <a href=\"mailto:tod@s\">tod@s<\/a> los asistentes a la asamblea de VGT del 19-11-11 Graciaaaaaaas!<\/em><\/p>\n<p><em>\u00a0Acordamos dejar espacio al resto de gente a que creen sus cuentos!<\/em><\/p>\n<p><em>\u00a0A mi se me ocurre que contemos la historia de Gertrudis, la vecina del porr\u00f3n de vino, y su hija emigrada\u2026<\/em><\/p>\n<p><em>\u00bfque os parece? Es una personaja carism\u00e1tica no? Puede tener miga\u2026.<\/em><\/p>\n<p>Bueno gente aio!<\/p>\n<p>Salud y buenos alimentos.<\/p>\n<p>&nbsp;<\/p>\n","protected":false},"excerpt":{"rendered":"<p>GRUPO 1, EL PEREGRINO Habi\u00e9ndose cumplido el primer cuarto de siglo del segundo milenio, un peregrino de lejanas Tierras norte\u00f1as se acerca a Gasteiz. Llega atra\u00eddo por las noticias que la describen como una ciudad muy especial, no tarda en &hellip; <a href=\"http:\/\/rediles.com\/gasteizentransicion\/2011\/12\/06\/cuentos-en-transicion\/\">Sigue leyendo <span class=\"meta-nav\">&rarr;<\/span><\/a><\/p>\n","protected":false},"author":1069,"featured_media":0,"comment_status":"open","ping_status":"open","sticky":false,"template":"","format":"standard","meta":{"_bbp_topic_count":0,"_bbp_reply_count":0,"_bbp_total_topic_count":0,"_bbp_total_reply_count":0,"_bbp_voice_count":0,"_bbp_anonymous_reply_count":0,"_bbp_topic_count_hidden":0,"_bbp_reply_count_hidden":0,"_bbp_forum_subforum_count":0,"footnotes":"","_links_to":"","_links_to_target":""},"categories":[1],"tags":[],"class_list":["post-931","post","type-post","status-publish","format-standard","hentry","category-sin-categoria"],"_links":{"self":[{"href":"http:\/\/rediles.com\/gasteizentransicion\/wp-json\/wp\/v2\/posts\/931","targetHints":{"allow":["GET"]}}],"collection":[{"href":"http:\/\/rediles.com\/gasteizentransicion\/wp-json\/wp\/v2\/posts"}],"about":[{"href":"http:\/\/rediles.com\/gasteizentransicion\/wp-json\/wp\/v2\/types\/post"}],"author":[{"embeddable":true,"href":"http:\/\/rediles.com\/gasteizentransicion\/wp-json\/wp\/v2\/users\/1069"}],"replies":[{"embeddable":true,"href":"http:\/\/rediles.com\/gasteizentransicion\/wp-json\/wp\/v2\/comments?post=931"}],"version-history":[{"count":17,"href":"http:\/\/rediles.com\/gasteizentransicion\/wp-json\/wp\/v2\/posts\/931\/revisions"}],"predecessor-version":[{"id":935,"href":"http:\/\/rediles.com\/gasteizentransicion\/wp-json\/wp\/v2\/posts\/931\/revisions\/935"}],"wp:attachment":[{"href":"http:\/\/rediles.com\/gasteizentransicion\/wp-json\/wp\/v2\/media?parent=931"}],"wp:term":[{"taxonomy":"category","embeddable":true,"href":"http:\/\/rediles.com\/gasteizentransicion\/wp-json\/wp\/v2\/categories?post=931"},{"taxonomy":"post_tag","embeddable":true,"href":"http:\/\/rediles.com\/gasteizentransicion\/wp-json\/wp\/v2\/tags?post=931"}],"curies":[{"name":"wp","href":"https:\/\/api.w.org\/{rel}","templated":true}]}}