{"id":1236,"date":"2024-05-09T07:06:13","date_gmt":"2024-05-09T07:06:13","guid":{"rendered":"http:\/\/rediles.com\/lakuakolore\/?p=1236"},"modified":"2024-05-09T07:06:54","modified_gmt":"2024-05-09T07:06:54","slug":"aumenta-la-superficie-dedicada-a-la-produccion-ecologica-en-alava","status":"publish","type":"post","link":"http:\/\/rediles.com\/lakuakolore\/es\/2024\/05\/09\/aumenta-la-superficie-dedicada-a-la-produccion-ecologica-en-alava\/","title":{"rendered":"Aumenta la superficie dedicada a la producci\u00f3n ecol\u00f3gica en \u00c1lava"},"content":{"rendered":"\n<p><\/p>\n\n\n\n<p>En el \u00faltimo pleno de control, la diputada de Sostenibilidad, Agricultura y Medio Natural, Amaia Barredo, ha informado sobre el aumento de la superficie dedicada a la producci\u00f3n ecol\u00f3gica en \u00c1lava, que ha crecido un 28% en el \u00faltimo a\u00f1o, situ\u00e1ndose en 5.933 hect\u00e1reas. Este incremento refleja una tendencia positiva que se ha mantenido desde 2015, posicionando a \u00c1lava como l\u00edder en la comunidad aut\u00f3noma, con el 55,1% del total de superficie ecol\u00f3gica certificada en Euskadi, distribuida entre 235 operadores, 16 m\u00e1s que el a\u00f1o anterior.<a rel=\"noreferrer noopener\" href=\"https:\/\/www.neinorhomes.com\/promocion\/zabalgana-homes?utm_source=GasteizBerri&amp;utm_medium=Banner_Tipo3&amp;utm_campaign=Banner_GasteizBerri_EnConstruccion_2496_ZabalganaHomes\" target=\"_blank\"><\/a><\/p>\n\n\n\n<h4 class=\"wp-block-heading\">Principales cultivos<\/h4>\n\n\n\n<p>Los principales cultivos ecol\u00f3gicos incluyen pastos, praderas, forrajes, y proteaginosas, abarcando 4.009 hect\u00e1reas, mientras que la vid ocupa 1.368 hect\u00e1reas. Estos cultivos han experimentado un crecimiento exponencial desde 2015, con incrementos del 547% y 294% respectivamente. Adem\u00e1s, otros cultivos como olivares, legumbres y cereales tambi\u00e9n mostraron aumentos significativos en 2023, con tasas del 163%, 127% y 118%.<\/p>\n\n\n\n<h4 class=\"wp-block-heading\">Avances en la producci\u00f3n ganadera<\/h4>\n\n\n\n<p>En el sector ganadero, el n\u00famero de explotaciones ecol\u00f3gicas ha crecido un 34% en 2023, llegando a 43 explotaciones. La ganader\u00eda de vacuno de carne predomina con 21 operadores, seguida por la producci\u00f3n equina con 13 explotaciones.<\/p>\n\n\n\n<p>La Diputaci\u00f3n ha invertido aproximadamente 4 millones de euros en los \u00faltimos nueve a\u00f1os en apoyo a la producci\u00f3n ecol\u00f3gica, con 740.000 euros distribuidos en 2023 entre 128 solicitantes, un aumento del 11% respecto al a\u00f1o anterior.<\/p>\n\n\n\n<p>Fuente: <a href=\"https:\/\/gasteizberri.com\/2024\/05\/aumenta-la-superficie-dedicada-a-la-produccion-ecologica-en-alava\/\" target=\"_blank\" rel=\"noreferrer noopener\">gasteizberri.com<\/a><\/p>\n","protected":false},"excerpt":{"rendered":"<p>En el \u00faltimo pleno de control, la diputada de Sostenibilidad, Agricultura y Medio Natural, Amaia Barredo, ha informado sobre el aumento de la superficie dedicada a la producci\u00f3n ecol\u00f3gica en \u00c1lava, que ha crecido un 28% en el \u00faltimo a\u00f1o, situ\u00e1ndose en 5.933 hect\u00e1reas. Este incremento refleja una tendencia positiva que se ha mantenido desde &hellip; <a href=\"http:\/\/rediles.com\/lakuakolore\/es\/2024\/05\/09\/aumenta-la-superficie-dedicada-a-la-produccion-ecologica-en-alava\/\" class=\"more-link\">Sigue leyendo <span class=\"screen-reader-text\">Aumenta la superficie dedicada a la producci\u00f3n ecol\u00f3gica en \u00c1lava<\/span><\/a><\/p>\n","protected":false},"author":2526,"featured_media":1237,"comment_status":"open","ping_status":"open","sticky":false,"template":"","format":"standard","meta":{"_bbp_topic_count":0,"_bbp_reply_count":0,"_bbp_total_topic_count":0,"_bbp_total_reply_count":0,"_bbp_voice_count":0,"_bbp_anonymous_reply_count":0,"_bbp_topic_count_hidden":0,"_bbp_reply_count_hidden":0,"_bbp_forum_subforum_count":0,"footnotes":"","_links_to":"","_links_to_target":""},"categories":[74],"tags":[],"class_list":["post-1236","post","type-post","status-publish","format-standard","has-post-thumbnail","hentry","category-prentsa-prensa"],"_links":{"self":[{"href":"http:\/\/rediles.com\/lakuakolore\/wp-json\/wp\/v2\/posts\/1236","targetHints":{"allow":["GET"]}}],"collection":[{"href":"http:\/\/rediles.com\/lakuakolore\/wp-json\/wp\/v2\/posts"}],"about":[{"href":"http:\/\/rediles.com\/lakuakolore\/wp-json\/wp\/v2\/types\/post"}],"author":[{"embeddable":true,"href":"http:\/\/rediles.com\/lakuakolore\/wp-json\/wp\/v2\/users\/2526"}],"replies":[{"embeddable":true,"href":"http:\/\/rediles.com\/lakuakolore\/wp-json\/wp\/v2\/comments?post=1236"}],"version-history":[{"count":1,"href":"http:\/\/rediles.com\/lakuakolore\/wp-json\/wp\/v2\/posts\/1236\/revisions"}],"predecessor-version":[{"id":1239,"href":"http:\/\/rediles.com\/lakuakolore\/wp-json\/wp\/v2\/posts\/1236\/revisions\/1239"}],"wp:featuredmedia":[{"embeddable":true,"href":"http:\/\/rediles.com\/lakuakolore\/wp-json\/wp\/v2\/media\/1237"}],"wp:attachment":[{"href":"http:\/\/rediles.com\/lakuakolore\/wp-json\/wp\/v2\/media?parent=1236"}],"wp:term":[{"taxonomy":"category","embeddable":true,"href":"http:\/\/rediles.com\/lakuakolore\/wp-json\/wp\/v2\/categories?post=1236"},{"taxonomy":"post_tag","embeddable":true,"href":"http:\/\/rediles.com\/lakuakolore\/wp-json\/wp\/v2\/tags?post=1236"}],"curies":[{"name":"wp","href":"https:\/\/api.w.org\/{rel}","templated":true}]}}