{"id":80,"date":"2017-12-05T23:30:06","date_gmt":"2017-12-05T23:30:06","guid":{"rendered":"http:\/\/rediles.com\/lakuakolore\/?p=80"},"modified":"2017-12-14T03:04:07","modified_gmt":"2017-12-14T03:04:07","slug":"en-los-proximos-dias-va-a-comenzar-la-fase-decisiva-de-este-proyecto-colectivo-2","status":"publish","type":"post","link":"http:\/\/rediles.com\/lakuakolore\/es\/2017\/12\/05\/en-los-proximos-dias-va-a-comenzar-la-fase-decisiva-de-este-proyecto-colectivo-2\/","title":{"rendered":"En los pr\u00f3ximos d\u00edas va a comenzar la fase decisiva de este proyecto colectivo"},"content":{"rendered":"<p>Desde hace muchos meses, por no decir m\u00e1s de alg\u00fan a\u00f1o, el grupo motor de Lakuakolore lleva trabajando mediante reuniones m\u00e1s o menos mensuales, para la concreci\u00f3n y desarrollo de un proyecto de huertas colectivas en el barrio de Lakua. Puestos en contacto y con el apoyo del Ayuntamiento de Vitoria-Gasteiz este grupo ha ido desarrollando este proyecto, concretando la parcela sobre la que trabajar (una parcela de unos 9000 metros cuadrados entre las calles Sierra de Andia, Orhy, Irati y Getaria), el modelo de explotaci\u00f3n de la parcela, trabajos de plantaci\u00f3n de ciruelos y avellanos, reuniones con vecinos y colectivos del barrio, preparando un proyecto para presentar al ayuntamiento, etc. Estas reuniones de gente del barrio que, con m\u00e1s ilusi\u00f3n por tener un nuevo elemento de cohesi\u00f3n social  del barrio que conocimiento de esas tareas primarias que practicaban nuestros antepasados en estas tierras, han dado sus frutos y, seg\u00fan nos han informado fuentes del ayuntamiento, en los pr\u00f3ximos d\u00edas se publicaran las bases del concurso para la gesti\u00f3n de la parcela mencionada para su uso como huertos colectivos. Es por ello que a partir de este momento nos har\u00e1n falta muchas manos para concretar y exponer al ayuntamiento este importante proyecto. Invitamos a toda persona interesada a que se apunte a modelar este proyecto que nos encantar\u00eda que comenzar\u00e1 a germinar esta primavera en el centro del barrio. Para ello solo es necesario que nos deje su nombre y un correo electr\u00f3nico y le enviaremos las fechas de las nuevas reuniones que se celebraran en los pr\u00f3ximos d\u00edas.<\/p>\n<p>&nbsp;<\/p>\n<p>Un saludo para todo el barrio<\/p>\n","protected":false},"excerpt":{"rendered":"<p>Desde hace muchos meses, por no decir m\u00e1s de alg\u00fan a\u00f1o, el grupo motor de Lakuakolore lleva trabajando mediante reuniones m\u00e1s o menos mensuales, para la concreci\u00f3n y desarrollo de un proyecto de huertas colectivas en el barrio de Lakua. Puestos en contacto y con el apoyo del Ayuntamiento de Vitoria-Gasteiz este grupo ha ido &hellip; <a href=\"http:\/\/rediles.com\/lakuakolore\/es\/2017\/12\/05\/en-los-proximos-dias-va-a-comenzar-la-fase-decisiva-de-este-proyecto-colectivo-2\/\" class=\"more-link\">Sigue leyendo <span class=\"screen-reader-text\">En los pr\u00f3ximos d\u00edas va a comenzar la fase decisiva de este proyecto colectivo<\/span><\/a><\/p>\n","protected":false},"author":2,"featured_media":0,"comment_status":"open","ping_status":"open","sticky":false,"template":"","format":"standard","meta":{"_bbp_topic_count":0,"_bbp_reply_count":0,"_bbp_total_topic_count":0,"_bbp_total_reply_count":0,"_bbp_voice_count":0,"_bbp_anonymous_reply_count":0,"_bbp_topic_count_hidden":0,"_bbp_reply_count_hidden":0,"_bbp_forum_subforum_count":0,"footnotes":"","_links_to":"","_links_to_target":""},"categories":[10],"tags":[],"class_list":["post-80","post","type-post","status-publish","format-standard","hentry","category-sin-categoria-es"],"_links":{"self":[{"href":"http:\/\/rediles.com\/lakuakolore\/wp-json\/wp\/v2\/posts\/80","targetHints":{"allow":["GET"]}}],"collection":[{"href":"http:\/\/rediles.com\/lakuakolore\/wp-json\/wp\/v2\/posts"}],"about":[{"href":"http:\/\/rediles.com\/lakuakolore\/wp-json\/wp\/v2\/types\/post"}],"author":[{"embeddable":true,"href":"http:\/\/rediles.com\/lakuakolore\/wp-json\/wp\/v2\/users\/2"}],"replies":[{"embeddable":true,"href":"http:\/\/rediles.com\/lakuakolore\/wp-json\/wp\/v2\/comments?post=80"}],"version-history":[{"count":1,"href":"http:\/\/rediles.com\/lakuakolore\/wp-json\/wp\/v2\/posts\/80\/revisions"}],"predecessor-version":[{"id":81,"href":"http:\/\/rediles.com\/lakuakolore\/wp-json\/wp\/v2\/posts\/80\/revisions\/81"}],"wp:attachment":[{"href":"http:\/\/rediles.com\/lakuakolore\/wp-json\/wp\/v2\/media?parent=80"}],"wp:term":[{"taxonomy":"category","embeddable":true,"href":"http:\/\/rediles.com\/lakuakolore\/wp-json\/wp\/v2\/categories?post=80"},{"taxonomy":"post_tag","embeddable":true,"href":"http:\/\/rediles.com\/lakuakolore\/wp-json\/wp\/v2\/tags?post=80"}],"curies":[{"name":"wp","href":"https:\/\/api.w.org\/{rel}","templated":true}]}}