{"id":110,"date":"2015-04-24T10:23:19","date_gmt":"2015-04-24T10:23:19","guid":{"rendered":"http:\/\/rediles.com\/lechesvegetalesyzumosdefrutas\/?p=110"},"modified":"2015-04-24T10:23:19","modified_gmt":"2015-04-24T10:23:19","slug":"bebida-de-arroz-con-avellanas","status":"publish","type":"post","link":"http:\/\/rediles.com\/lechesvegetalesyzumosdefrutas\/?p=110","title":{"rendered":"Bebida de arroz con avellanas"},"content":{"rendered":"<p>Arroz (1\/2 medida)<br \/>\nAvellanas (10)<br \/>\nAgua<br \/>\nCanela<br \/>\nSal<\/p>\n<p>Llenamos \u00bd medida arroz, lo lavamos a\u00f1adimos las avellanas y dejamos en remojo toda la noche.<\/p>\n<p>Aclaramos el arroz y las avellanas y lo ponemos en la Jarra, a\u00f1adimos un poco de canela y una pizca de sal.<\/p>\n<p>Agregamos agua, hasta la marca de m\u00e1ximo.<\/p>\n<p>Tapamos, enchufamos, seleccionamos el bot\u00f3n de semillas en remojo.<\/p>\n<p>En 20 minutos la bebida lista para tomar.<\/p>\n<p>La cuelo con un filtro de cafetera el\u00e9ctrica, los posos para echar en la masa de un pan.<\/p>\n<p>El sabor es muy bueno, mas rica que solo de arroz, las avellanas dan un toque.<\/p>\n<p>Bien fresquita para los d\u00edas de calor que se aproximan.<\/p>\n<p>Despu\u00e9s de varias pruebas, me parece que para ciertas recetas la medida que viene con la maquina es demasiado grande. Por ejemplo, para el arroz y la avena, si llenamos la mitad queda mejor, si ponemos la medida entera la bebida queda como un poco \u201cbabosa\u201d (bueno para mi gusto), es cuesti\u00f3n de ir probando y cada cual que encuentre su punto.<\/p>\n","protected":false},"excerpt":{"rendered":"<p>Arroz (1\/2 medida) Avellanas (10) Agua Canela Sal Llenamos \u00bd medida arroz, lo lavamos a\u00f1adimos las avellanas y dejamos en remojo toda la noche. Aclaramos el arroz y las avellanas y lo ponemos en la Jarra, a\u00f1adimos un poco de canela y una pizca de sal. Agregamos agua, hasta la marca de m\u00e1ximo. Tapamos, enchufamos, &hellip; <a href=\"http:\/\/rediles.com\/lechesvegetalesyzumosdefrutas\/?p=110\" class=\"more-link\">Seguir leyendo <span class=\"screen-reader-text\">Bebida de arroz con avellanas<\/span> <span class=\"meta-nav\">&rarr;<\/span><\/a><\/p>\n","protected":false},"author":414,"featured_media":0,"comment_status":"open","ping_status":"open","sticky":false,"template":"","format":"standard","meta":{"_bbp_topic_count":0,"_bbp_reply_count":0,"_bbp_total_topic_count":0,"_bbp_total_reply_count":0,"_bbp_voice_count":0,"_bbp_anonymous_reply_count":0,"_bbp_topic_count_hidden":0,"_bbp_reply_count_hidden":0,"_bbp_forum_subforum_count":0,"footnotes":"","_links_to":"","_links_to_target":""},"categories":[6],"tags":[],"class_list":["post-110","post","type-post","status-publish","format-standard","hentry","category-bebidas"],"_links":{"self":[{"href":"http:\/\/rediles.com\/lechesvegetalesyzumosdefrutas\/index.php?rest_route=\/wp\/v2\/posts\/110","targetHints":{"allow":["GET"]}}],"collection":[{"href":"http:\/\/rediles.com\/lechesvegetalesyzumosdefrutas\/index.php?rest_route=\/wp\/v2\/posts"}],"about":[{"href":"http:\/\/rediles.com\/lechesvegetalesyzumosdefrutas\/index.php?rest_route=\/wp\/v2\/types\/post"}],"author":[{"embeddable":true,"href":"http:\/\/rediles.com\/lechesvegetalesyzumosdefrutas\/index.php?rest_route=\/wp\/v2\/users\/414"}],"replies":[{"embeddable":true,"href":"http:\/\/rediles.com\/lechesvegetalesyzumosdefrutas\/index.php?rest_route=%2Fwp%2Fv2%2Fcomments&post=110"}],"version-history":[{"count":1,"href":"http:\/\/rediles.com\/lechesvegetalesyzumosdefrutas\/index.php?rest_route=\/wp\/v2\/posts\/110\/revisions"}],"predecessor-version":[{"id":111,"href":"http:\/\/rediles.com\/lechesvegetalesyzumosdefrutas\/index.php?rest_route=\/wp\/v2\/posts\/110\/revisions\/111"}],"wp:attachment":[{"href":"http:\/\/rediles.com\/lechesvegetalesyzumosdefrutas\/index.php?rest_route=%2Fwp%2Fv2%2Fmedia&parent=110"}],"wp:term":[{"taxonomy":"category","embeddable":true,"href":"http:\/\/rediles.com\/lechesvegetalesyzumosdefrutas\/index.php?rest_route=%2Fwp%2Fv2%2Fcategories&post=110"},{"taxonomy":"post_tag","embeddable":true,"href":"http:\/\/rediles.com\/lechesvegetalesyzumosdefrutas\/index.php?rest_route=%2Fwp%2Fv2%2Ftags&post=110"}],"curies":[{"name":"wp","href":"https:\/\/api.w.org\/{rel}","templated":true}]}}