{"id":21,"date":"2014-04-29T10:07:44","date_gmt":"2014-04-29T10:07:44","guid":{"rendered":"http:\/\/rediles.com\/lechesvegetalesyzumosdefrutas\/?p=21"},"modified":"2014-04-29T10:21:44","modified_gmt":"2014-04-29T10:21:44","slug":"21","status":"publish","type":"post","link":"http:\/\/rediles.com\/lechesvegetalesyzumosdefrutas\/?p=21","title":{"rendered":"Jarra para leches vegetales y zumos de frutas"},"content":{"rendered":"<p class=\"MsoNormal\"><img loading=\"lazy\" decoding=\"async\" class=\"alignleft\" alt=\"\" src=\"https:\/\/lh3.googleusercontent.com\/-ku7eMq6A2fk\/UzG-fwxfX_I\/AAAAAAAACqs\/a6lqqdq7YSc\/s300-no\/jarra-leche-vegetal-pergola-3-300x300.png\" width=\"240\" height=\"240\" \/>Hola, recientemente he comprado una <a href=\"http:\/\/pergola.es\/producto\/jarra-elaboracion-leches-vegetales-zumos-y-verduras\/\" target=\"_blank\">\u00abJarra para la elaboraci\u00f3n de leches vegetales y licuados de frutas y verduras\u00bb<\/a>, pues tengo intolerancia a la lactosa y las leches vegetales que venden en las tiendas son un poco caras, por lo que poder hacerlas en casa supone un gran ahorro, que para los tiempos que corren es una buena ayuda,\u00a0 adem\u00e1s, sirve para hacer zumos naturales y pur\u00e9s.<\/p>\n<p class=\"MsoNormal\">En este blog, ir\u00e9 apuntando las recetas que realice con ella, como informaci\u00f3n para un futuro, para saber que ingredientes mezclan bien y cuales no me gustan, pues a veces cuando quiero repetir alguna receta no recuerdo que ingredientes utilice, as\u00ed que esto ser\u00e1 una especie de libro de recetas casero, sobre todo para mi, pero si le puede servir a otras personas pues mejor. Tambi\u00e9n me gustar\u00eda que las personas que elaboran leches vegetales o zumos naturales en casa, participasen compartiendo sus recetas conmigo.<\/p>\n","protected":false},"excerpt":{"rendered":"<p>Hola, recientemente he comprado una \u00abJarra para la elaboraci\u00f3n de leches vegetales y licuados de frutas y verduras\u00bb, pues tengo intolerancia a la lactosa y las leches vegetales que venden en las tiendas son un poco caras, por lo que poder hacerlas en casa supone un gran ahorro, que para los tiempos que corren es &hellip; <a href=\"http:\/\/rediles.com\/lechesvegetalesyzumosdefrutas\/?p=21\" class=\"more-link\">Seguir leyendo <span class=\"screen-reader-text\">Jarra para leches vegetales y zumos de frutas<\/span> <span class=\"meta-nav\">&rarr;<\/span><\/a><\/p>\n","protected":false},"author":414,"featured_media":0,"comment_status":"open","ping_status":"open","sticky":false,"template":"","format":"standard","meta":{"_bbp_topic_count":0,"_bbp_reply_count":0,"_bbp_total_topic_count":0,"_bbp_total_reply_count":0,"_bbp_voice_count":0,"_bbp_anonymous_reply_count":0,"_bbp_topic_count_hidden":0,"_bbp_reply_count_hidden":0,"_bbp_forum_subforum_count":0,"footnotes":"","_links_to":"","_links_to_target":""},"categories":[1],"tags":[],"class_list":["post-21","post","type-post","status-publish","format-standard","hentry","category-sin-categoria"],"_links":{"self":[{"href":"http:\/\/rediles.com\/lechesvegetalesyzumosdefrutas\/index.php?rest_route=\/wp\/v2\/posts\/21","targetHints":{"allow":["GET"]}}],"collection":[{"href":"http:\/\/rediles.com\/lechesvegetalesyzumosdefrutas\/index.php?rest_route=\/wp\/v2\/posts"}],"about":[{"href":"http:\/\/rediles.com\/lechesvegetalesyzumosdefrutas\/index.php?rest_route=\/wp\/v2\/types\/post"}],"author":[{"embeddable":true,"href":"http:\/\/rediles.com\/lechesvegetalesyzumosdefrutas\/index.php?rest_route=\/wp\/v2\/users\/414"}],"replies":[{"embeddable":true,"href":"http:\/\/rediles.com\/lechesvegetalesyzumosdefrutas\/index.php?rest_route=%2Fwp%2Fv2%2Fcomments&post=21"}],"version-history":[{"count":2,"href":"http:\/\/rediles.com\/lechesvegetalesyzumosdefrutas\/index.php?rest_route=\/wp\/v2\/posts\/21\/revisions"}],"predecessor-version":[{"id":25,"href":"http:\/\/rediles.com\/lechesvegetalesyzumosdefrutas\/index.php?rest_route=\/wp\/v2\/posts\/21\/revisions\/25"}],"wp:attachment":[{"href":"http:\/\/rediles.com\/lechesvegetalesyzumosdefrutas\/index.php?rest_route=%2Fwp%2Fv2%2Fmedia&parent=21"}],"wp:term":[{"taxonomy":"category","embeddable":true,"href":"http:\/\/rediles.com\/lechesvegetalesyzumosdefrutas\/index.php?rest_route=%2Fwp%2Fv2%2Fcategories&post=21"},{"taxonomy":"post_tag","embeddable":true,"href":"http:\/\/rediles.com\/lechesvegetalesyzumosdefrutas\/index.php?rest_route=%2Fwp%2Fv2%2Ftags&post=21"}],"curies":[{"name":"wp","href":"https:\/\/api.w.org\/{rel}","templated":true}]}}