{"id":128,"date":"2010-08-03T09:07:52","date_gmt":"2010-08-03T09:07:52","guid":{"rendered":"http:\/\/rediles.com\/myrarte\/?p=128"},"modified":"2010-08-03T09:11:39","modified_gmt":"2010-08-03T09:11:39","slug":"wang-xieda-en-espana","status":"publish","type":"post","link":"http:\/\/rediles.com\/myrarte\/2010\/08\/03\/wang-xieda-en-espana\/","title":{"rendered":"WANG XIEDA en Espa\u00f1a"},"content":{"rendered":"<p>El Institut Valenci\u00e0 d&#8217;Art Modern (IVAM) presenta hasta el 29 de agosto,  la primera exposici\u00f3n individual en Europa del artista chino Wang  Xieda, una selecci\u00f3n de 12 esculturas y 14 dibujos caligr\u00e1ficos que  combinan las t\u00e9cnicas tradicionales del tratamiento del papel con la  abstracci\u00f3n de una obra escult\u00f3rica que se acerca a las vanguardias  occidentales.<br \/>\nEn su obra predominan las l\u00edneas y las formas sencillas, y a trav\u00e9s de  ellas transmite conceptos filos\u00f3ficos sobre la vida, el alma o el paso  del tiempo.<br \/>\nSus esculturas de bronce dibujan en el espacio representaciones  abstractas y juega con la luz y la proyecci\u00f3n de las sombras para  conseguir una expresi\u00f3n art\u00edstica de gran belleza.<\/p>\n<p style=\"text-align: center\"><a href=\"http:\/\/rediles.com\/myrarte\/files\/2010\/08\/wang-xieda-1.png\"><img loading=\"lazy\" decoding=\"async\" class=\"size-full wp-image-129 aligncenter\" src=\"http:\/\/rediles.com\/myrarte\/files\/2010\/08\/wang-xieda-1.png\" alt=\"\" width=\"664\" height=\"317\" srcset=\"http:\/\/rediles.com\/myrarte\/files\/2010\/08\/wang-xieda-1.png 948w, http:\/\/rediles.com\/myrarte\/files\/2010\/08\/wang-xieda-1-300x143.png 300w\" sizes=\"auto, (max-width: 664px) 100vw, 664px\" \/><\/a><\/p>\n","protected":false},"excerpt":{"rendered":"<p>El Institut Valenci\u00e0 d&#8217;Art Modern (IVAM) presenta hasta el 29 de agosto, la primera exposici\u00f3n individual en Europa del artista chino Wang Xieda, una selecci\u00f3n de 12 esculturas y 14 dibujos caligr\u00e1ficos que combinan las t\u00e9cnicas tradicionales del tratamiento del&hellip;<\/p>\n<p class=\"more-link-p\"><a class=\"more-link\" href=\"http:\/\/rediles.com\/myrarte\/2010\/08\/03\/wang-xieda-en-espana\/\">Read more &rarr;<\/a><\/p>\n","protected":false},"author":10,"featured_media":0,"comment_status":"open","ping_status":"open","sticky":false,"template":"","format":"standard","meta":{"_bbp_topic_count":0,"_bbp_reply_count":0,"_bbp_total_topic_count":0,"_bbp_total_reply_count":0,"_bbp_voice_count":0,"_bbp_anonymous_reply_count":0,"_bbp_topic_count_hidden":0,"_bbp_reply_count_hidden":0,"_bbp_forum_subforum_count":0,"footnotes":"","_links_to":"","_links_to_target":""},"categories":[3],"tags":[],"class_list":["post-128","post","type-post","status-publish","format-standard","hentry","category-noticias"],"_links":{"self":[{"href":"http:\/\/rediles.com\/myrarte\/wp-json\/wp\/v2\/posts\/128","targetHints":{"allow":["GET"]}}],"collection":[{"href":"http:\/\/rediles.com\/myrarte\/wp-json\/wp\/v2\/posts"}],"about":[{"href":"http:\/\/rediles.com\/myrarte\/wp-json\/wp\/v2\/types\/post"}],"author":[{"embeddable":true,"href":"http:\/\/rediles.com\/myrarte\/wp-json\/wp\/v2\/users\/10"}],"replies":[{"embeddable":true,"href":"http:\/\/rediles.com\/myrarte\/wp-json\/wp\/v2\/comments?post=128"}],"version-history":[{"count":6,"href":"http:\/\/rediles.com\/myrarte\/wp-json\/wp\/v2\/posts\/128\/revisions"}],"predecessor-version":[{"id":131,"href":"http:\/\/rediles.com\/myrarte\/wp-json\/wp\/v2\/posts\/128\/revisions\/131"}],"wp:attachment":[{"href":"http:\/\/rediles.com\/myrarte\/wp-json\/wp\/v2\/media?parent=128"}],"wp:term":[{"taxonomy":"category","embeddable":true,"href":"http:\/\/rediles.com\/myrarte\/wp-json\/wp\/v2\/categories?post=128"},{"taxonomy":"post_tag","embeddable":true,"href":"http:\/\/rediles.com\/myrarte\/wp-json\/wp\/v2\/tags?post=128"}],"curies":[{"name":"wp","href":"https:\/\/api.w.org\/{rel}","templated":true}]}}