{"id":165,"date":"2010-09-02T16:02:30","date_gmt":"2010-09-02T16:02:30","guid":{"rendered":"http:\/\/rediles.com\/myrarte\/?p=165"},"modified":"2010-09-04T20:46:58","modified_gmt":"2010-09-04T20:46:58","slug":"lunakrea-en-vitoria-gasteiz","status":"publish","type":"post","link":"http:\/\/rediles.com\/myrarte\/2010\/09\/02\/lunakrea-en-vitoria-gasteiz\/","title":{"rendered":"LunaKREA en Vitoria-Gasteiz"},"content":{"rendered":"<dl>\n<dt><strong>Del 10 de septiembre de 2010 al 11 de septiembre de  2010<\/strong><\/dt>\n<\/dl>\n<p>Una nueva edici\u00f3n de LunaKREA, plataforma de j\u00f3venes  creadores,  inunda Vitoria-Gasteiz de diversas propuestas de cultura  contempor\u00e1nea.  Ser\u00e1 la tarde-noche del pr\u00f3ximo 10 de septiembre, d\u00eda en  que las  calles de la ciudad acoger\u00e1n, por tercer a\u00f1o consecutivo, una   programaci\u00f3n llena de propuestas contempor\u00e1neas en m\u00fasica, danza, teatro   y creaci\u00f3n audiovisual, entre otros.<\/p>\n<p>De la mano de KREA esta  iniciativa anual busca apoyar la  profesionalizaci\u00f3n y visibilidad de los  j\u00f3venes creadores y acercar a  la ciudadan\u00eda el trabajo de las nuevas  generaciones de artistas.<\/p>\n<p>En total, ser\u00e1n 50 propuestas j\u00f3venes, contempor\u00e1neas y   multidisciplinares diversificadas por diversos espacios de toda la   ciudad y que tendr\u00e1n lugar en una <strong>programaci\u00f3n ininterrumpida y   gratuita desde las 6 de la tarde hasta las 2 de la ma\u00f1ana.<br \/>\n<\/strong><br \/>\nEn  esta tercera edici\u00f3n se consolida, adem\u00e1s, el trabajo en red con   instituciones, asociaciones y agentes culturales locales con el objetivo   de consolidar la profesionalizaci\u00f3n de los j\u00f3venes creadores. En esta   misma l\u00ednea, es destacable que cerca del 90% de los artistas implicados   en toda la programaci\u00f3n es del Pa\u00eds Vasco.<\/p>\n<p><a href=\"http:\/\/rediles.com\/myrarte\/files\/2010\/09\/vitoria.jpg\"><img loading=\"lazy\" decoding=\"async\" class=\"aligncenter size-full wp-image-171\" src=\"http:\/\/rediles.com\/myrarte\/files\/2010\/09\/vitoria.jpg\" alt=\"\" width=\"590\" height=\"337\" srcset=\"http:\/\/rediles.com\/myrarte\/files\/2010\/09\/vitoria.jpg 590w, http:\/\/rediles.com\/myrarte\/files\/2010\/09\/vitoria-300x171.jpg 300w\" sizes=\"auto, (max-width: 590px) 100vw, 590px\" \/><\/a><\/p>\n<p>\ufeff<\/p>\n","protected":false},"excerpt":{"rendered":"<p>Del 10 de septiembre de 2010 al 11 de septiembre de 2010 Una nueva edici\u00f3n de LunaKREA, plataforma de j\u00f3venes creadores, inunda Vitoria-Gasteiz de diversas propuestas de cultura contempor\u00e1nea. Ser\u00e1 la tarde-noche del pr\u00f3ximo 10 de septiembre, d\u00eda en que&hellip;<\/p>\n<p class=\"more-link-p\"><a class=\"more-link\" href=\"http:\/\/rediles.com\/myrarte\/2010\/09\/02\/lunakrea-en-vitoria-gasteiz\/\">Read more &rarr;<\/a><\/p>\n","protected":false},"author":10,"featured_media":0,"comment_status":"open","ping_status":"open","sticky":false,"template":"","format":"standard","meta":{"_bbp_topic_count":0,"_bbp_reply_count":0,"_bbp_total_topic_count":0,"_bbp_total_reply_count":0,"_bbp_voice_count":0,"_bbp_anonymous_reply_count":0,"_bbp_topic_count_hidden":0,"_bbp_reply_count_hidden":0,"_bbp_forum_subforum_count":0,"footnotes":"","_links_to":"","_links_to_target":""},"categories":[7],"tags":[],"class_list":["post-165","post","type-post","status-publish","format-standard","hentry","category-articulos"],"_links":{"self":[{"href":"http:\/\/rediles.com\/myrarte\/wp-json\/wp\/v2\/posts\/165","targetHints":{"allow":["GET"]}}],"collection":[{"href":"http:\/\/rediles.com\/myrarte\/wp-json\/wp\/v2\/posts"}],"about":[{"href":"http:\/\/rediles.com\/myrarte\/wp-json\/wp\/v2\/types\/post"}],"author":[{"embeddable":true,"href":"http:\/\/rediles.com\/myrarte\/wp-json\/wp\/v2\/users\/10"}],"replies":[{"embeddable":true,"href":"http:\/\/rediles.com\/myrarte\/wp-json\/wp\/v2\/comments?post=165"}],"version-history":[{"count":4,"href":"http:\/\/rediles.com\/myrarte\/wp-json\/wp\/v2\/posts\/165\/revisions"}],"predecessor-version":[{"id":167,"href":"http:\/\/rediles.com\/myrarte\/wp-json\/wp\/v2\/posts\/165\/revisions\/167"}],"wp:attachment":[{"href":"http:\/\/rediles.com\/myrarte\/wp-json\/wp\/v2\/media?parent=165"}],"wp:term":[{"taxonomy":"category","embeddable":true,"href":"http:\/\/rediles.com\/myrarte\/wp-json\/wp\/v2\/categories?post=165"},{"taxonomy":"post_tag","embeddable":true,"href":"http:\/\/rediles.com\/myrarte\/wp-json\/wp\/v2\/tags?post=165"}],"curies":[{"name":"wp","href":"https:\/\/api.w.org\/{rel}","templated":true}]}}