{"id":19,"date":"2010-07-01T21:02:29","date_gmt":"2010-07-01T21:02:29","guid":{"rendered":"http:\/\/rediles.com\/myrarte\/?p=19"},"modified":"2010-07-07T09:43:18","modified_gmt":"2010-07-07T09:43:18","slug":"murales-en-vitoria-gasteiz","status":"publish","type":"post","link":"http:\/\/rediles.com\/myrarte\/2010\/07\/01\/murales-en-vitoria-gasteiz\/","title":{"rendered":"Murales en Vitoria-Gasteiz"},"content":{"rendered":"<p><strong>Vitoria-Gasteiz se viste de color&#8230;El arte toma las fachadas y otra luz se apodera de muros y rincones.<\/strong><\/p>\n<p><strong>IMVG <\/strong><em><strong>La ciudad pintada<\/strong> (Itinerario  Mural\u00edstico de Vitoria-Gasteiz) <\/em>es una herramienta de expresi\u00f3n  p\u00fablica y comunitaria para Vitoria-Gasteiz.<\/p>\n<p>Podeis visitar su p\u00e1gina para conocer mejor sus iniciativas y sus obras.<\/p>\n<p>http:\/\/www.muralismopublico.com\/<\/p>\n<div>\n<h2><strong>El Casco Viejo estrenar\u00e1 dos nuevos murales en julio<\/strong><\/h2>\n<h3>artistas y voluntarios  pintar\u00e1n la fachada de dos viviendas de <strong>pintorer\u00eda<\/strong> y el campillo<\/h3>\n<h4>Una veintena de ciudadanos engrosa la lista de interesados en  participar en este &#8216;lavado de cara&#8217; de edificios del barrio<\/h4>\n<div><img decoding=\"async\" src=\"http:\/\/www2.noticiasdealava.com\/ediciones\/2009\/03\/10\/vecinos\/vitoria-gasteiz\/fotos\/6296397.jpg\" border=\"0\" alt=\"\" \/>Mural pintado en una de las fachadas de la escuela infantil  Haurtzaro, en el Casco Viejo.Foto:  jos\u00e9 ram\u00f3n g\u00f3mez<\/div>\n<div><strong>r. ruiz  de gauna<\/strong><br \/>\nVitoria.  El  Casco Viejo estrenar\u00e1 en verano otros dos nuevos murales que se sumar\u00e1n a  los de la plaza de las Buruller\u00edas y la escuela infantil Haurtzaro.  El  colectivo Itinerario Muralista de Vitoria-Gasteiz trabaja ya en los  preparativos para que todo est\u00e9 listo para principios de julio, seg\u00fan  explic\u00f3 Ver\u00f3nica Werckmeister, gestora cultural del grupo.<\/p>\n<p>Ambos  murales se pintar\u00e1n sobre dos deterioradas fachadas de viviendas del  Casco Viejo, a las que se someter\u00e1 a un profundo lavado de cara. La  primera corresponde al n\u00famero 76 de la calle Pintorer\u00eda, junto al cant\u00f3n  de San Roque, donde los organizadores ya cuentan con el permiso de los  vecinos. \u00abEs un bloque de tres alturas con pocas ventanas, mucha  visibilidad y sin comercios debajo, as\u00ed que en principio re\u00fane las  condiciones adecuadas\u00bb, explic\u00f3 Ver\u00f3nica, que lidera el proyecto junto a  su hermana Cristina y Brenan Duarte. La segunda casa seleccionada es un  inmueble de El Campillo, a la espera del visto bueno de los inquilinos.<\/p>\n<p>Los  andamios se instalar\u00e1n en mayo o junio para que la obra pueda  ejecutarse en un plazo de seis semanas. Los organizadores contratar\u00e1n a  un artista, probablemente de fuera, para que dirija el taller en el que  participar\u00e1n alumnos de la escuela de arte y dise\u00f1o de Zaramaga, adem\u00e1s  de ciudadanos voluntarios, entre los que ya se han apuntado vecinos de  los propios inmuebles a decorar.<\/p>\n<p>De momento, una veintena de  voluntarios engrosa el listado del que se seleccionar\u00e1 al grupo elegido.  \u00abLo ideal es un equipo de entre 12 y 16 personas\u00bb, indica Ver\u00f3nica,   \u00abpero no importa que se apunte m\u00e1s gente porque el pr\u00f3ximo a\u00f1o tenemos  previsto continuar con otros dos dise\u00f1os\u00bb, a\u00f1ade.<\/p>\n<p>Esta iniciativa  art\u00edstica comenz\u00f3 a fraguarse hace cuatro o cinco a\u00f1os en colaboraci\u00f3n  con la asociaci\u00f3n de Amigos del Museo de Bellas Artes (Amba). Entonces  se dise\u00f1\u00f3 un mural interior en el edificio Pando Arg\u00fcelles de Manuel  Iradier, antigua sede del colectivo, que reflejar\u00e1 los proyectos que,  por aquel entonces, ten\u00eda el Ayuntamiento para la ciudad: tranv\u00eda,  recogida neum\u00e1tica de basuras, viviendas en los nuevos barrios&#8230; Con  \u00abiron\u00eda y humor\u00bb, los artistas tambi\u00e9n plasmaron algunas de las se\u00f1as de  identidad m\u00e1s relevantes de la ciudad, como Fournier, Michelin y  Mercedes.<\/p>\n<p>Buruller\u00edas y Haurtzaro.  El proyecto dio un giro en 2007 en pleno apogeo de  ideas para rehabilitar el Casco Viejo, entre ellas la elaboraci\u00f3n de  murales gigantes que, adem\u00e1s de sacar el arte a la calle, sirvieran para  restaurar viejos edificios del barrio. As\u00ed se pint\u00f3 el de las  Buruller\u00edas, que representa el  negocio del comercio de telas, que  anta\u00f1o se desarrollaba en esta plaza y, posteriormente, el de la escuela  infantil Haurtzaro con la interculturalidad como tema de fondo. Las  cuatro paredes de esta guarder\u00eda muestran desde 2008 animales  originarios de cuatro continentes: \u00c1frica, Asia, Am\u00e9rica y Europa.<\/p>\n<p>La  Agencia de Renovaci\u00f3n Urbana, liderada por Gonzalo Arroita y  dependiente del Ayuntamiento, cubre el 70% del proyecto, mientras que el  resto de la financiaci\u00f3n necesaria llega de la mano de patrocinadores  privados.<\/p>\n<\/div>\n<\/div>\n","protected":false},"excerpt":{"rendered":"<p>El Casco Viejo De Vitoria- Gasteiz estrenar\u00e1 en Julio dos nuevos murales<\/p>\n<p class=\"more-link-p\"><a class=\"more-link\" href=\"http:\/\/rediles.com\/myrarte\/2010\/07\/01\/murales-en-vitoria-gasteiz\/\">Read more &rarr;<\/a><\/p>\n","protected":false},"author":10,"featured_media":0,"comment_status":"open","ping_status":"open","sticky":false,"template":"","format":"standard","meta":{"_bbp_topic_count":0,"_bbp_reply_count":0,"_bbp_total_topic_count":0,"_bbp_total_reply_count":0,"_bbp_voice_count":0,"_bbp_anonymous_reply_count":0,"_bbp_topic_count_hidden":0,"_bbp_reply_count_hidden":0,"_bbp_forum_subforum_count":0,"footnotes":"","_links_to":"","_links_to_target":""},"categories":[3],"tags":[],"class_list":["post-19","post","type-post","status-publish","format-standard","hentry","category-noticias"],"_links":{"self":[{"href":"http:\/\/rediles.com\/myrarte\/wp-json\/wp\/v2\/posts\/19","targetHints":{"allow":["GET"]}}],"collection":[{"href":"http:\/\/rediles.com\/myrarte\/wp-json\/wp\/v2\/posts"}],"about":[{"href":"http:\/\/rediles.com\/myrarte\/wp-json\/wp\/v2\/types\/post"}],"author":[{"embeddable":true,"href":"http:\/\/rediles.com\/myrarte\/wp-json\/wp\/v2\/users\/10"}],"replies":[{"embeddable":true,"href":"http:\/\/rediles.com\/myrarte\/wp-json\/wp\/v2\/comments?post=19"}],"version-history":[{"count":9,"href":"http:\/\/rediles.com\/myrarte\/wp-json\/wp\/v2\/posts\/19\/revisions"}],"predecessor-version":[{"id":84,"href":"http:\/\/rediles.com\/myrarte\/wp-json\/wp\/v2\/posts\/19\/revisions\/84"}],"wp:attachment":[{"href":"http:\/\/rediles.com\/myrarte\/wp-json\/wp\/v2\/media?parent=19"}],"wp:term":[{"taxonomy":"category","embeddable":true,"href":"http:\/\/rediles.com\/myrarte\/wp-json\/wp\/v2\/categories?post=19"},{"taxonomy":"post_tag","embeddable":true,"href":"http:\/\/rediles.com\/myrarte\/wp-json\/wp\/v2\/tags?post=19"}],"curies":[{"name":"wp","href":"https:\/\/api.w.org\/{rel}","templated":true}]}}