{"id":75,"date":"2010-07-07T08:24:58","date_gmt":"2010-07-07T08:24:58","guid":{"rendered":"http:\/\/rediles.com\/myrarte\/?p=75"},"modified":"2010-07-07T08:35:35","modified_gmt":"2010-07-07T08:35:35","slug":"el-musico-estadounidense-marilyn-manson-plasma-su-esencia-macabra-en-la-pintura","status":"publish","type":"post","link":"http:\/\/rediles.com\/myrarte\/2010\/07\/07\/el-musico-estadounidense-marilyn-manson-plasma-su-esencia-macabra-en-la-pintura\/","title":{"rendered":"Marilyn Manson plasma su esencia macabra en la pintura"},"content":{"rendered":"<p><strong><br \/>\n<\/strong><\/p>\n<p>Se ha inaugurado en Viena una exposici\u00f3n de sus obras<em>, \u201cGenealogies of pain\u201d<\/em>,\u00a0 que permanecer\u00e1 abierta hasta el 25 de Julio.<\/p>\n<p>Se expondr\u00e1n 20 cuadros, que a m\u00ed personalmente me han sorprendido. Reflejan perfectamente ese esp\u00edritu siniestro que tambi\u00e9n muestra en los escenarios.<\/p>\n<p>El asegura que nunca ha ido a clases para aprender a pintar, es autodidacta, y bastante bueno y expresivo\u2026<\/p>\n<p><em>\u00abAngelina\u00bb, Marilyn Manson<\/em><\/p>\n<p><a href=\"http:\/\/rediles.com\/myrarte\/files\/2010\/07\/angelina-Marilyn-Manson.jpg\"><img loading=\"lazy\" decoding=\"async\" class=\"alignleft size-medium wp-image-79\" src=\"http:\/\/rediles.com\/myrarte\/files\/2010\/07\/angelina-Marilyn-Manson-243x300.jpg\" alt=\"\" width=\"243\" height=\"300\" srcset=\"http:\/\/rediles.com\/myrarte\/files\/2010\/07\/angelina-Marilyn-Manson-243x300.jpg 243w, http:\/\/rediles.com\/myrarte\/files\/2010\/07\/angelina-Marilyn-Manson.jpg 348w\" sizes=\"auto, (max-width: 243px) 100vw, 243px\" \/><\/a><\/p>\n","protected":false},"excerpt":{"rendered":"<p>Se ha inaugurado en Viena una exposici\u00f3n de sus obras, \u201cGenealogies of pain\u201d,\u00a0 que permanecer\u00e1 abierta hasta el 25 de Julio. Se expondr\u00e1n 20 cuadros, que a m\u00ed personalmente me han sorprendido. Reflejan perfectamente ese esp\u00edritu siniestro que tambi\u00e9n muestra&hellip;<\/p>\n<p class=\"more-link-p\"><a class=\"more-link\" href=\"http:\/\/rediles.com\/myrarte\/2010\/07\/07\/el-musico-estadounidense-marilyn-manson-plasma-su-esencia-macabra-en-la-pintura\/\">Read more &rarr;<\/a><\/p>\n","protected":false},"author":10,"featured_media":0,"comment_status":"open","ping_status":"open","sticky":false,"template":"","format":"standard","meta":{"_bbp_topic_count":0,"_bbp_reply_count":0,"_bbp_total_topic_count":0,"_bbp_total_reply_count":0,"_bbp_voice_count":0,"_bbp_anonymous_reply_count":0,"_bbp_topic_count_hidden":0,"_bbp_reply_count_hidden":0,"_bbp_forum_subforum_count":0,"footnotes":"","_links_to":"","_links_to_target":""},"categories":[3],"tags":[],"class_list":["post-75","post","type-post","status-publish","format-standard","hentry","category-noticias"],"_links":{"self":[{"href":"http:\/\/rediles.com\/myrarte\/wp-json\/wp\/v2\/posts\/75","targetHints":{"allow":["GET"]}}],"collection":[{"href":"http:\/\/rediles.com\/myrarte\/wp-json\/wp\/v2\/posts"}],"about":[{"href":"http:\/\/rediles.com\/myrarte\/wp-json\/wp\/v2\/types\/post"}],"author":[{"embeddable":true,"href":"http:\/\/rediles.com\/myrarte\/wp-json\/wp\/v2\/users\/10"}],"replies":[{"embeddable":true,"href":"http:\/\/rediles.com\/myrarte\/wp-json\/wp\/v2\/comments?post=75"}],"version-history":[{"count":6,"href":"http:\/\/rediles.com\/myrarte\/wp-json\/wp\/v2\/posts\/75\/revisions"}],"predecessor-version":[{"id":78,"href":"http:\/\/rediles.com\/myrarte\/wp-json\/wp\/v2\/posts\/75\/revisions\/78"}],"wp:attachment":[{"href":"http:\/\/rediles.com\/myrarte\/wp-json\/wp\/v2\/media?parent=75"}],"wp:term":[{"taxonomy":"category","embeddable":true,"href":"http:\/\/rediles.com\/myrarte\/wp-json\/wp\/v2\/categories?post=75"},{"taxonomy":"post_tag","embeddable":true,"href":"http:\/\/rediles.com\/myrarte\/wp-json\/wp\/v2\/tags?post=75"}],"curies":[{"name":"wp","href":"https:\/\/api.w.org\/{rel}","templated":true}]}}